{"id":1498,"date":"2026-08-25T10:41:50","date_gmt":"2026-08-25T09:41:50","guid":{"rendered":"https:\/\/www.ugttec.es\/?p=1498"},"modified":"2026-08-25T11:24:45","modified_gmt":"2026-08-25T10:24:45","slug":"tro-25-26-pruebas-selectivas-domingo-6-de-septiembre","status":"publish","type":"post","link":"https:\/\/www.ugttec.es\/index.php\/2026\/08\/25\/tro-25-26-pruebas-selectivas-domingo-6-de-septiembre\/","title":{"rendered":"TRO 25-26 PRUEBAS SELECTIVAS Domingo 6 de Septiembre"},"content":{"rendered":"\n<p class=\"wp-block-paragraph\" style=\"font-size:18px\">El pr\u00f3ximo domingo 6 de Septiembre se realizar\u00e1n las pruebas selectivas de la Tasa de Reposici\u00f3n Ordinaria, TRO 25-26.<\/p>\n\n\n\n<p class=\"wp-block-paragraph\" style=\"font-size:18px\">Apunta las cuestiones m\u00e1s importantes que tienes que tener en cuenta si te vas a presentar al ex\u00e1men.<\/p>\n\n\n\n<p class=\"has-text-align-center wp-block-paragraph\" style=\"font-size:18px\"><strong>\u23f0 Horario de las pruebas<\/strong><\/p>\n\n\n\n<p class=\"wp-block-paragraph\" style=\"font-size:18px\"><strong>&nbsp;&nbsp;&nbsp;<\/strong> \u2022&nbsp;&nbsp;&nbsp; Apertura de puertas: 10:00 h (09:00 h en Tenerife).<\/p>\n\n\n\n<p class=\"wp-block-paragraph\" style=\"font-size:18px\">&nbsp;&nbsp;&nbsp; \u2022&nbsp;&nbsp;&nbsp; Inicio del examen: 10:30 h (09:30 h en Tenerife).<\/p>\n\n\n\n<p class=\"wp-block-paragraph\" style=\"font-size:18px\">&nbsp;&nbsp;&nbsp; \u2022&nbsp;&nbsp;&nbsp; Duraci\u00f3n aproximada: 2 horas y media.<\/p>\n\n\n\n<p class=\"has-text-align-center wp-block-paragraph\" style=\"font-size:18px\"><strong>\ud83d\udccd Sedes de examen<\/strong><\/p>\n\n\n\n<ul class=\"wp-block-list\">\n<li style=\"font-size:18px\"><strong>Madrid<\/strong>. Facultad de Derecho | UAM. y Facultad de Ciencias Biol\u00f3gicas (Edificio de Biolog\u00eda) | UAM .&nbsp; <\/li>\n\n\n\n<li style=\"font-size:18px\"><strong>Santa Cruz de Tenerife<\/strong>. Univ. de La Laguna. &nbsp;Campus Guajara. Aulario General C\u00e9sar Manrique. <\/li>\n\n\n\n<li style=\"font-size:18px\"><strong>Palma de Mallorca<\/strong>. Hotel Catalonia Maj\u00f3rica. <\/li>\n<\/ul>\n\n\n\n<blockquote class=\"wp-block-quote is-layout-flow wp-block-quote-is-layout-flow\">\n<p class=\"has-text-align-center wp-block-paragraph\" style=\"font-size:18px\">Las personas admitidas convocadas en una sede y que, de manera extraordinaria <strong>quieran realizar las pruebas en cualquiera de las otras sedes<\/strong>, podr\u00e1n solicitarlo hasta el d\u00eda 1 de septiembre 2026 enviando un correo electr\u00f3nico a la direcci\u00f3n de e-mail:  <a href=\"mailto:tasadereposiciongrupotragsa2526@people-experts.com\">tasadereposiciongrupotragsa2526@people-experts.com<\/a><\/p>\n\n\n\n<p class=\"wp-block-paragraph\"><\/p>\n<\/blockquote>\n\n\n\n<p class=\"has-text-align-center wp-block-paragraph\" style=\"font-size:18px\"><strong>\ud83d\udd8a\ufe0f Material necesario<\/strong><\/p>\n\n\n\n<p class=\"has-text-align-center wp-block-paragraph\" style=\"font-size:18px\"><strong>&nbsp;&nbsp;&nbsp;<\/strong> \u2022&nbsp;&nbsp;&nbsp; Bol\u00edgrafo azul o negro tipo BIC (<strong>no<\/strong> Pilot).<\/p>\n\n\n\n<p class=\"has-text-align-center wp-block-paragraph\" style=\"font-size:18px\">&nbsp;&nbsp;&nbsp; \u2022&nbsp;&nbsp;&nbsp; Otro bol\u00edgrafo de repuesto.<\/p>\n\n\n\n<p class=\"has-text-align-center wp-block-paragraph\" style=\"font-size:18px\">&nbsp;&nbsp;&nbsp; \u2022&nbsp;&nbsp;&nbsp; \u00danicamente las personas autorizadas podr\u00e1n usar diccionario biling\u00fce.<\/p>\n\n\n\n<p class=\"has-text-align-center wp-block-paragraph\" style=\"font-size:18px\"><strong>\ud83d\udeab Normas de acceso y examen<\/strong><\/p>\n\n\n\n<p class=\"has-text-align-center wp-block-paragraph\" style=\"font-size:18px\"><strong>&nbsp;&nbsp;&nbsp; \u2022&nbsp;&nbsp;&nbsp;<\/strong> Solo podr\u00e1n entrar las personas candidatas admitidas (con DNI, pasaporte o documento en vigor).<\/p>\n\n\n\n<p class=\"has-text-align-center wp-block-paragraph\" style=\"font-size:18px\">&nbsp;&nbsp;&nbsp; \u2022&nbsp;&nbsp;&nbsp; No se permitir\u00e1 el acceso una vez iniciado el control de entrada.<\/p>\n\n\n\n<p class=\"has-text-align-center wp-block-paragraph\" style=\"font-size:18px\">&nbsp;&nbsp;&nbsp; \u2022&nbsp;&nbsp;&nbsp; Est\u00e1 prohibido el uso de dispositivos electr\u00f3nicos dentro del aula.<\/p>\n\n\n\n<p class=\"has-text-align-center wp-block-paragraph\" style=\"font-size:18px\">&nbsp;&nbsp;&nbsp; <strong>\ud83d\udcd1 Hojas de respuesta<\/strong><\/p>\n\n\n\n<p class=\"has-text-align-center wp-block-paragraph\" style=\"font-size:18px\"><strong>&nbsp;&nbsp;&nbsp;<\/strong> \u2022&nbsp;&nbsp;&nbsp; Las respuestas deben marcarse \u00fanicamente en la hoja oficial.<\/p>\n\n\n\n<p class=\"has-text-align-center wp-block-paragraph\" style=\"font-size:18px\">&nbsp;&nbsp;&nbsp; \u2022&nbsp;&nbsp;&nbsp; En caso de error en datos personales, se facilitar\u00e1 una nueva hoja (y <strong>solo<\/strong> por errores de marcaje en la prueba competencial).<\/p>\n\n\n\n<p class=\"has-text-align-center wp-block-paragraph\" style=\"font-size:18px\">\u2022&nbsp;&nbsp;&nbsp; Las hojas son autocopiativas: la copia se entrega al candidato.<\/p>\n\n\n\n<p class=\"has-text-align-center wp-block-paragraph\" style=\"font-size:18px\"><strong>\u274c Inasistencia y justificaci\u00f3n<\/strong><\/p>\n\n\n\n<p class=\"has-text-align-center wp-block-paragraph\" style=\"font-size:18px\"><strong>&nbsp;&nbsp;&nbsp;<\/strong> \u2022&nbsp;&nbsp;&nbsp; Quienes no asistan quedar\u00e1n excluidos, salvo causa de fuerza mayor justificada. &nbsp;<\/p>\n\n\n\n<blockquote class=\"wp-block-quote is-layout-flow wp-block-quote-is-layout-flow\">\n<p class=\"wp-block-paragraph\" style=\"font-size:19px\">La documentaci\u00f3n debe enviarse desde el d\u00eda 6 de septiembre hasta las 23:59 horas del 9 de septiembre, por correo electr\u00f3nico a la direcci\u00f3n  <a href=\"mailto:tasadereposiciongrupotragsa2526@people-experts.com\">tasadereposiciongrupotragsa2526@people-experts.com<\/a> &nbsp;<\/p>\n<\/blockquote>\n\n\n\n<p class=\"has-text-align-center wp-block-paragraph\" style=\"font-size:18px\"><strong>\u267f Adaptaciones<\/strong><\/p>\n\n\n\n<p class=\"wp-block-paragraph\" style=\"font-size:18px\"><strong>&nbsp;&nbsp;&nbsp; \u2022&nbsp;&nbsp;&nbsp;<\/strong> Personas con discapacidad reconocida \u2265 33%: solicitud hasta el 1 de septiembre de 2026.<\/p>\n\n\n\n<p class=\"wp-block-paragraph\" style=\"font-size:18px\">&nbsp;&nbsp;&nbsp; \u2022&nbsp;&nbsp;&nbsp; Personas con dificultades en castellano: podr\u00e1n solicitar uso de diccionario y\/o lectura en voz alta, igualmente hasta el 1 de septiembre<\/p>\n\n\n\n<div class=\"wp-block-buttons is-layout-flex wp-block-buttons-is-layout-flex\">\n<div class=\"wp-block-button is-style-fill\"><a class=\"wp-block-button__link has-vivid-red-background-color has-background has-medium-font-size has-custom-font-size wp-element-button\" href=\"https:\/\/www.ugttec.es\/wp-content\/uploads\/2026\/08\/Guia-rapida-UGT_TRO-25-26_Pruebas-selectivas-_Normas-examen.pdf\">ACCEDE A NUESTRA <strong>GUIA RAPIDA<\/strong> CON TODA LA INFORMACI\u00d3N Y CONSEJOS MUY \u00daTILES PARA REALIZAR LAS PRUEBAS<\/a><\/div>\n<\/div>\n\n\n\n<p class=\"wp-block-paragraph\"><\/p>\n","protected":false},"excerpt":{"rendered":"<p>El pr\u00f3ximo domingo 6 de Septiembre se realizar\u00e1n las pruebas selectivas de la Tasa de Reposici\u00f3n Ordinaria, TRO 25-26. Apunta las cuestiones m\u00e1s importantes que tienes que tener en cuenta si te vas a presentar al ex\u00e1men. \u23f0 Horario de las pruebas &nbsp;&nbsp;&nbsp; \u2022&nbsp;&nbsp;&nbsp; Apertura de puertas: 10:00 h (09:00 h en Tenerife). &nbsp;&nbsp;&nbsp; \u2022&nbsp;&nbsp;&nbsp; [&hellip;]<\/p>\n","protected":false},"author":7,"featured_media":1484,"comment_status":"open","ping_status":"open","sticky":false,"template":"","format":"standard","meta":{"footnotes":""},"categories":[64],"tags":[],"class_list":["post-1498","post","type-post","status-publish","format-standard","has-post-thumbnail","hentry","category-tasa-de-reposicion"],"yoast_head":"<!-- This site is optimized with the Yoast SEO plugin v27.8 - https:\/\/yoast.com\/product\/yoast-seo-wordpress\/ -->\n<title>TRO 25-26 PRUEBAS SELECTIVAS Domingo 6 de Septiembre -<\/title>\n<meta name=\"robots\" content=\"index, follow, max-snippet:-1, max-image-preview:large, max-video-preview:-1\" \/>\n<link rel=\"canonical\" href=\"https:\/\/www.ugttec.es\/index.php\/2026\/08\/25\/tro-25-26-pruebas-selectivas-domingo-6-de-septiembre\/\" \/>\n<meta property=\"og:locale\" content=\"es_ES\" \/>\n<meta property=\"og:type\" content=\"article\" \/>\n<meta property=\"og:title\" content=\"TRO 25-26 PRUEBAS SELECTIVAS Domingo 6 de Septiembre -\" \/>\n<meta property=\"og:description\" content=\"El pr\u00f3ximo domingo 6 de Septiembre se realizar\u00e1n las pruebas selectivas de la Tasa de Reposici\u00f3n Ordinaria, TRO 25-26. Apunta las cuestiones m\u00e1s importantes que tienes que tener en cuenta si te vas a presentar al ex\u00e1men. \u23f0 Horario de las pruebas &nbsp;&nbsp;&nbsp; \u2022&nbsp;&nbsp;&nbsp; Apertura de puertas: 10:00 h (09:00 h en Tenerife). &nbsp;&nbsp;&nbsp; \u2022&nbsp;&nbsp;&nbsp; [&hellip;]\" \/>\n<meta property=\"og:url\" content=\"https:\/\/www.ugttec.es\/index.php\/2026\/08\/25\/tro-25-26-pruebas-selectivas-domingo-6-de-septiembre\/\" \/>\n<meta property=\"article:published_time\" content=\"2026-08-25T09:41:50+00:00\" \/>\n<meta property=\"article:modified_time\" content=\"2026-08-25T10:24:45+00:00\" \/>\n<meta property=\"og:image\" content=\"https:\/\/www.ugttec.es\/wp-content\/uploads\/2026\/08\/featured_img_8695208355522469680.jpg\" \/>\n\t<meta property=\"og:image:width\" content=\"1376\" \/>\n\t<meta property=\"og:image:height\" content=\"768\" \/>\n\t<meta property=\"og:image:type\" content=\"image\/jpeg\" \/>\n<meta name=\"author\" content=\"Leticia\" \/>\n<meta name=\"twitter:card\" content=\"summary_large_image\" \/>\n<meta name=\"twitter:label1\" content=\"Escrito por\" \/>\n\t<meta name=\"twitter:data1\" content=\"Leticia\" \/>\n\t<meta name=\"twitter:label2\" content=\"Tiempo de lectura\" \/>\n\t<meta name=\"twitter:data2\" content=\"2 minutos\" \/>\n<script type=\"application\/ld+json\" class=\"yoast-schema-graph\">{\"@context\":\"https:\\\/\\\/schema.org\",\"@graph\":[{\"@type\":\"Article\",\"@id\":\"https:\\\/\\\/www.ugttec.es\\\/index.php\\\/2026\\\/08\\\/25\\\/tro-25-26-pruebas-selectivas-domingo-6-de-septiembre\\\/#article\",\"isPartOf\":{\"@id\":\"https:\\\/\\\/www.ugttec.es\\\/index.php\\\/2026\\\/08\\\/25\\\/tro-25-26-pruebas-selectivas-domingo-6-de-septiembre\\\/\"},\"author\":{\"name\":\"Leticia\",\"@id\":\"https:\\\/\\\/www.ugttec.es\\\/#\\\/schema\\\/person\\\/d00e864e28920b1d931120f6bc81152f\"},\"headline\":\"TRO 25-26 PRUEBAS SELECTIVAS Domingo 6 de Septiembre\",\"datePublished\":\"2026-08-25T09:41:50+00:00\",\"dateModified\":\"2026-08-25T10:24:45+00:00\",\"mainEntityOfPage\":{\"@id\":\"https:\\\/\\\/www.ugttec.es\\\/index.php\\\/2026\\\/08\\\/25\\\/tro-25-26-pruebas-selectivas-domingo-6-de-septiembre\\\/\"},\"wordCount\":460,\"commentCount\":0,\"publisher\":{\"@id\":\"https:\\\/\\\/www.ugttec.es\\\/#organization\"},\"image\":{\"@id\":\"https:\\\/\\\/www.ugttec.es\\\/index.php\\\/2026\\\/08\\\/25\\\/tro-25-26-pruebas-selectivas-domingo-6-de-septiembre\\\/#primaryimage\"},\"thumbnailUrl\":\"https:\\\/\\\/www.ugttec.es\\\/wp-content\\\/uploads\\\/2026\\\/08\\\/featured_img_8695208355522469680.jpg\",\"articleSection\":[\"Tasa de reposici\u00f3n\"],\"inLanguage\":\"es\",\"potentialAction\":[{\"@type\":\"CommentAction\",\"name\":\"Comment\",\"target\":[\"https:\\\/\\\/www.ugttec.es\\\/index.php\\\/2026\\\/08\\\/25\\\/tro-25-26-pruebas-selectivas-domingo-6-de-septiembre\\\/#respond\"]}]},{\"@type\":\"WebPage\",\"@id\":\"https:\\\/\\\/www.ugttec.es\\\/index.php\\\/2026\\\/08\\\/25\\\/tro-25-26-pruebas-selectivas-domingo-6-de-septiembre\\\/\",\"url\":\"https:\\\/\\\/www.ugttec.es\\\/index.php\\\/2026\\\/08\\\/25\\\/tro-25-26-pruebas-selectivas-domingo-6-de-septiembre\\\/\",\"name\":\"TRO 25-26 PRUEBAS SELECTIVAS Domingo 6 de Septiembre -\",\"isPartOf\":{\"@id\":\"https:\\\/\\\/www.ugttec.es\\\/#website\"},\"primaryImageOfPage\":{\"@id\":\"https:\\\/\\\/www.ugttec.es\\\/index.php\\\/2026\\\/08\\\/25\\\/tro-25-26-pruebas-selectivas-domingo-6-de-septiembre\\\/#primaryimage\"},\"image\":{\"@id\":\"https:\\\/\\\/www.ugttec.es\\\/index.php\\\/2026\\\/08\\\/25\\\/tro-25-26-pruebas-selectivas-domingo-6-de-septiembre\\\/#primaryimage\"},\"thumbnailUrl\":\"https:\\\/\\\/www.ugttec.es\\\/wp-content\\\/uploads\\\/2026\\\/08\\\/featured_img_8695208355522469680.jpg\",\"datePublished\":\"2026-08-25T09:41:50+00:00\",\"dateModified\":\"2026-08-25T10:24:45+00:00\",\"breadcrumb\":{\"@id\":\"https:\\\/\\\/www.ugttec.es\\\/index.php\\\/2026\\\/08\\\/25\\\/tro-25-26-pruebas-selectivas-domingo-6-de-septiembre\\\/#breadcrumb\"},\"inLanguage\":\"es\",\"potentialAction\":[{\"@type\":\"ReadAction\",\"target\":[\"https:\\\/\\\/www.ugttec.es\\\/index.php\\\/2026\\\/08\\\/25\\\/tro-25-26-pruebas-selectivas-domingo-6-de-septiembre\\\/\"]}]},{\"@type\":\"ImageObject\",\"inLanguage\":\"es\",\"@id\":\"https:\\\/\\\/www.ugttec.es\\\/index.php\\\/2026\\\/08\\\/25\\\/tro-25-26-pruebas-selectivas-domingo-6-de-septiembre\\\/#primaryimage\",\"url\":\"https:\\\/\\\/www.ugttec.es\\\/wp-content\\\/uploads\\\/2026\\\/08\\\/featured_img_8695208355522469680.jpg\",\"contentUrl\":\"https:\\\/\\\/www.ugttec.es\\\/wp-content\\\/uploads\\\/2026\\\/08\\\/featured_img_8695208355522469680.jpg\",\"width\":1376,\"height\":768},{\"@type\":\"BreadcrumbList\",\"@id\":\"https:\\\/\\\/www.ugttec.es\\\/index.php\\\/2026\\\/08\\\/25\\\/tro-25-26-pruebas-selectivas-domingo-6-de-septiembre\\\/#breadcrumb\",\"itemListElement\":[{\"@type\":\"ListItem\",\"position\":1,\"name\":\"Portada\",\"item\":\"https:\\\/\\\/www.ugttec.es\\\/\"},{\"@type\":\"ListItem\",\"position\":2,\"name\":\"TRO 25-26 PRUEBAS SELECTIVAS Domingo 6 de Septiembre\"}]},{\"@type\":\"WebSite\",\"@id\":\"https:\\\/\\\/www.ugttec.es\\\/#website\",\"url\":\"https:\\\/\\\/www.ugttec.es\\\/\",\"name\":\"La web de la Secci\u00f3n Sindical de la UGT en Tragsatec\",\"description\":\"Secci\u00f3n Sindical  Tragsatec\",\"publisher\":{\"@id\":\"https:\\\/\\\/www.ugttec.es\\\/#organization\"},\"potentialAction\":[{\"@type\":\"SearchAction\",\"target\":{\"@type\":\"EntryPoint\",\"urlTemplate\":\"https:\\\/\\\/www.ugttec.es\\\/?s={search_term_string}\"},\"query-input\":{\"@type\":\"PropertyValueSpecification\",\"valueRequired\":true,\"valueName\":\"search_term_string\"}}],\"inLanguage\":\"es\"},{\"@type\":\"Organization\",\"@id\":\"https:\\\/\\\/www.ugttec.es\\\/#organization\",\"name\":\"Secci\u00f3n Sindical de la UGT en Tragsatec\",\"url\":\"https:\\\/\\\/www.ugttec.es\\\/\",\"logo\":{\"@type\":\"ImageObject\",\"inLanguage\":\"es\",\"@id\":\"https:\\\/\\\/www.ugttec.es\\\/#\\\/schema\\\/logo\\\/image\\\/\",\"url\":\"https:\\\/\\\/www.ugttec.es\\\/wp-content\\\/uploads\\\/2026\\\/05\\\/UGT-MARCA_H_cmyk.png\",\"contentUrl\":\"https:\\\/\\\/www.ugttec.es\\\/wp-content\\\/uploads\\\/2026\\\/05\\\/UGT-MARCA_H_cmyk.png\",\"width\":2327,\"height\":781,\"caption\":\"Secci\u00f3n Sindical de la UGT en Tragsatec\"},\"image\":{\"@id\":\"https:\\\/\\\/www.ugttec.es\\\/#\\\/schema\\\/logo\\\/image\\\/\"},\"sameAs\":[\"https:\\\/\\\/whatsapp.com\\\/channel\\\/0029Vb41KFyChq6V4F7cqU0n\"]},{\"@type\":\"Person\",\"@id\":\"https:\\\/\\\/www.ugttec.es\\\/#\\\/schema\\\/person\\\/d00e864e28920b1d931120f6bc81152f\",\"name\":\"Leticia\",\"image\":{\"@type\":\"ImageObject\",\"inLanguage\":\"es\",\"@id\":\"https:\\\/\\\/secure.gravatar.com\\\/avatar\\\/04e85d08a3b04c0a1215476532abe9ea83b519328af5fa672e4b7137d7089572?s=96&d=mm&r=g\",\"url\":\"https:\\\/\\\/secure.gravatar.com\\\/avatar\\\/04e85d08a3b04c0a1215476532abe9ea83b519328af5fa672e4b7137d7089572?s=96&d=mm&r=g\",\"contentUrl\":\"https:\\\/\\\/secure.gravatar.com\\\/avatar\\\/04e85d08a3b04c0a1215476532abe9ea83b519328af5fa672e4b7137d7089572?s=96&d=mm&r=g\",\"caption\":\"Leticia\"},\"url\":\"https:\\\/\\\/www.ugttec.es\\\/index.php\\\/author\\\/leticia\\\/\"}]}<\/script>\n<!-- \/ Yoast SEO plugin. -->","yoast_head_json":{"title":"TRO 25-26 PRUEBAS SELECTIVAS Domingo 6 de Septiembre -","robots":{"index":"index","follow":"follow","max-snippet":"max-snippet:-1","max-image-preview":"max-image-preview:large","max-video-preview":"max-video-preview:-1"},"canonical":"https:\/\/www.ugttec.es\/index.php\/2026\/08\/25\/tro-25-26-pruebas-selectivas-domingo-6-de-septiembre\/","og_locale":"es_ES","og_type":"article","og_title":"TRO 25-26 PRUEBAS SELECTIVAS Domingo 6 de Septiembre -","og_description":"El pr\u00f3ximo domingo 6 de Septiembre se realizar\u00e1n las pruebas selectivas de la Tasa de Reposici\u00f3n Ordinaria, TRO 25-26. Apunta las cuestiones m\u00e1s importantes que tienes que tener en cuenta si te vas a presentar al ex\u00e1men. \u23f0 Horario de las pruebas &nbsp;&nbsp;&nbsp; \u2022&nbsp;&nbsp;&nbsp; Apertura de puertas: 10:00 h (09:00 h en Tenerife). &nbsp;&nbsp;&nbsp; \u2022&nbsp;&nbsp;&nbsp; [&hellip;]","og_url":"https:\/\/www.ugttec.es\/index.php\/2026\/08\/25\/tro-25-26-pruebas-selectivas-domingo-6-de-septiembre\/","article_published_time":"2026-08-25T09:41:50+00:00","article_modified_time":"2026-08-25T10:24:45+00:00","og_image":[{"width":1376,"height":768,"url":"https:\/\/www.ugttec.es\/wp-content\/uploads\/2026\/08\/featured_img_8695208355522469680.jpg","type":"image\/jpeg"}],"author":"Leticia","twitter_card":"summary_large_image","twitter_misc":{"Escrito por":"Leticia","Tiempo de lectura":"2 minutos"},"schema":{"@context":"https:\/\/schema.org","@graph":[{"@type":"Article","@id":"https:\/\/www.ugttec.es\/index.php\/2026\/08\/25\/tro-25-26-pruebas-selectivas-domingo-6-de-septiembre\/#article","isPartOf":{"@id":"https:\/\/www.ugttec.es\/index.php\/2026\/08\/25\/tro-25-26-pruebas-selectivas-domingo-6-de-septiembre\/"},"author":{"name":"Leticia","@id":"https:\/\/www.ugttec.es\/#\/schema\/person\/d00e864e28920b1d931120f6bc81152f"},"headline":"TRO 25-26 PRUEBAS SELECTIVAS Domingo 6 de Septiembre","datePublished":"2026-08-25T09:41:50+00:00","dateModified":"2026-08-25T10:24:45+00:00","mainEntityOfPage":{"@id":"https:\/\/www.ugttec.es\/index.php\/2026\/08\/25\/tro-25-26-pruebas-selectivas-domingo-6-de-septiembre\/"},"wordCount":460,"commentCount":0,"publisher":{"@id":"https:\/\/www.ugttec.es\/#organization"},"image":{"@id":"https:\/\/www.ugttec.es\/index.php\/2026\/08\/25\/tro-25-26-pruebas-selectivas-domingo-6-de-septiembre\/#primaryimage"},"thumbnailUrl":"https:\/\/www.ugttec.es\/wp-content\/uploads\/2026\/08\/featured_img_8695208355522469680.jpg","articleSection":["Tasa de reposici\u00f3n"],"inLanguage":"es","potentialAction":[{"@type":"CommentAction","name":"Comment","target":["https:\/\/www.ugttec.es\/index.php\/2026\/08\/25\/tro-25-26-pruebas-selectivas-domingo-6-de-septiembre\/#respond"]}]},{"@type":"WebPage","@id":"https:\/\/www.ugttec.es\/index.php\/2026\/08\/25\/tro-25-26-pruebas-selectivas-domingo-6-de-septiembre\/","url":"https:\/\/www.ugttec.es\/index.php\/2026\/08\/25\/tro-25-26-pruebas-selectivas-domingo-6-de-septiembre\/","name":"TRO 25-26 PRUEBAS SELECTIVAS Domingo 6 de Septiembre -","isPartOf":{"@id":"https:\/\/www.ugttec.es\/#website"},"primaryImageOfPage":{"@id":"https:\/\/www.ugttec.es\/index.php\/2026\/08\/25\/tro-25-26-pruebas-selectivas-domingo-6-de-septiembre\/#primaryimage"},"image":{"@id":"https:\/\/www.ugttec.es\/index.php\/2026\/08\/25\/tro-25-26-pruebas-selectivas-domingo-6-de-septiembre\/#primaryimage"},"thumbnailUrl":"https:\/\/www.ugttec.es\/wp-content\/uploads\/2026\/08\/featured_img_8695208355522469680.jpg","datePublished":"2026-08-25T09:41:50+00:00","dateModified":"2026-08-25T10:24:45+00:00","breadcrumb":{"@id":"https:\/\/www.ugttec.es\/index.php\/2026\/08\/25\/tro-25-26-pruebas-selectivas-domingo-6-de-septiembre\/#breadcrumb"},"inLanguage":"es","potentialAction":[{"@type":"ReadAction","target":["https:\/\/www.ugttec.es\/index.php\/2026\/08\/25\/tro-25-26-pruebas-selectivas-domingo-6-de-septiembre\/"]}]},{"@type":"ImageObject","inLanguage":"es","@id":"https:\/\/www.ugttec.es\/index.php\/2026\/08\/25\/tro-25-26-pruebas-selectivas-domingo-6-de-septiembre\/#primaryimage","url":"https:\/\/www.ugttec.es\/wp-content\/uploads\/2026\/08\/featured_img_8695208355522469680.jpg","contentUrl":"https:\/\/www.ugttec.es\/wp-content\/uploads\/2026\/08\/featured_img_8695208355522469680.jpg","width":1376,"height":768},{"@type":"BreadcrumbList","@id":"https:\/\/www.ugttec.es\/index.php\/2026\/08\/25\/tro-25-26-pruebas-selectivas-domingo-6-de-septiembre\/#breadcrumb","itemListElement":[{"@type":"ListItem","position":1,"name":"Portada","item":"https:\/\/www.ugttec.es\/"},{"@type":"ListItem","position":2,"name":"TRO 25-26 PRUEBAS SELECTIVAS Domingo 6 de Septiembre"}]},{"@type":"WebSite","@id":"https:\/\/www.ugttec.es\/#website","url":"https:\/\/www.ugttec.es\/","name":"La web de la Secci\u00f3n Sindical de la UGT en Tragsatec","description":"Secci\u00f3n Sindical  Tragsatec","publisher":{"@id":"https:\/\/www.ugttec.es\/#organization"},"potentialAction":[{"@type":"SearchAction","target":{"@type":"EntryPoint","urlTemplate":"https:\/\/www.ugttec.es\/?s={search_term_string}"},"query-input":{"@type":"PropertyValueSpecification","valueRequired":true,"valueName":"search_term_string"}}],"inLanguage":"es"},{"@type":"Organization","@id":"https:\/\/www.ugttec.es\/#organization","name":"Secci\u00f3n Sindical de la UGT en Tragsatec","url":"https:\/\/www.ugttec.es\/","logo":{"@type":"ImageObject","inLanguage":"es","@id":"https:\/\/www.ugttec.es\/#\/schema\/logo\/image\/","url":"https:\/\/www.ugttec.es\/wp-content\/uploads\/2026\/05\/UGT-MARCA_H_cmyk.png","contentUrl":"https:\/\/www.ugttec.es\/wp-content\/uploads\/2026\/05\/UGT-MARCA_H_cmyk.png","width":2327,"height":781,"caption":"Secci\u00f3n Sindical de la UGT en Tragsatec"},"image":{"@id":"https:\/\/www.ugttec.es\/#\/schema\/logo\/image\/"},"sameAs":["https:\/\/whatsapp.com\/channel\/0029Vb41KFyChq6V4F7cqU0n"]},{"@type":"Person","@id":"https:\/\/www.ugttec.es\/#\/schema\/person\/d00e864e28920b1d931120f6bc81152f","name":"Leticia","image":{"@type":"ImageObject","inLanguage":"es","@id":"https:\/\/secure.gravatar.com\/avatar\/04e85d08a3b04c0a1215476532abe9ea83b519328af5fa672e4b7137d7089572?s=96&d=mm&r=g","url":"https:\/\/secure.gravatar.com\/avatar\/04e85d08a3b04c0a1215476532abe9ea83b519328af5fa672e4b7137d7089572?s=96&d=mm&r=g","contentUrl":"https:\/\/secure.gravatar.com\/avatar\/04e85d08a3b04c0a1215476532abe9ea83b519328af5fa672e4b7137d7089572?s=96&d=mm&r=g","caption":"Leticia"},"url":"https:\/\/www.ugttec.es\/index.php\/author\/leticia\/"}]}},"_links":{"self":[{"href":"https:\/\/www.ugttec.es\/index.php\/wp-json\/wp\/v2\/posts\/1498","targetHints":{"allow":["GET"]}}],"collection":[{"href":"https:\/\/www.ugttec.es\/index.php\/wp-json\/wp\/v2\/posts"}],"about":[{"href":"https:\/\/www.ugttec.es\/index.php\/wp-json\/wp\/v2\/types\/post"}],"author":[{"embeddable":true,"href":"https:\/\/www.ugttec.es\/index.php\/wp-json\/wp\/v2\/users\/7"}],"replies":[{"embeddable":true,"href":"https:\/\/www.ugttec.es\/index.php\/wp-json\/wp\/v2\/comments?post=1498"}],"version-history":[{"count":7,"href":"https:\/\/www.ugttec.es\/index.php\/wp-json\/wp\/v2\/posts\/1498\/revisions"}],"predecessor-version":[{"id":1507,"href":"https:\/\/www.ugttec.es\/index.php\/wp-json\/wp\/v2\/posts\/1498\/revisions\/1507"}],"wp:featuredmedia":[{"embeddable":true,"href":"https:\/\/www.ugttec.es\/index.php\/wp-json\/wp\/v2\/media\/1484"}],"wp:attachment":[{"href":"https:\/\/www.ugttec.es\/index.php\/wp-json\/wp\/v2\/media?parent=1498"}],"wp:term":[{"taxonomy":"category","embeddable":true,"href":"https:\/\/www.ugttec.es\/index.php\/wp-json\/wp\/v2\/categories?post=1498"},{"taxonomy":"post_tag","embeddable":true,"href":"https:\/\/www.ugttec.es\/index.php\/wp-json\/wp\/v2\/tags?post=1498"}],"curies":[{"name":"wp","href":"https:\/\/api.w.org\/{rel}","templated":true}]}}