{"id":1508,"date":"2026-08-28T10:39:10","date_gmt":"2026-08-28T09:39:10","guid":{"rendered":"https:\/\/www.ugttec.es\/?p=1508"},"modified":"2026-08-28T10:39:10","modified_gmt":"2026-08-28T09:39:10","slug":"cambios-en-la-forma-de-notificacion-de-la-seguridad-social","status":"publish","type":"post","link":"https:\/\/www.ugttec.es\/index.php\/2026\/08\/28\/cambios-en-la-forma-de-notificacion-de-la-seguridad-social\/","title":{"rendered":"Cambios en la forma de notificaci\u00f3n de la Seguridad Social"},"content":{"rendered":"\n<p class=\"has-text-align-center has-medium-font-size wp-block-paragraph\"><strong>1 de septiembre: La Seguridad Social cambia su forma de enviar notificaciones<\/strong><\/p>\n\n\n\n<p class=\"wp-block-paragraph\">El pr\u00f3ximo 1 de septiembre, entrar\u00e1 en vigor la <a href=\"https:\/\/www.ugttec.es\/wp-content\/uploads\/2026\/08\/BOE-A-2026-11701.pdf\">Orden ISM\/541\/2026<\/a> por la que la Seguridad Social <strong>dejar\u00e1 de enviar por carta<\/strong> las notificaciones relacionadas con algunos tr\u00e1mites.<\/p>\n\n\n\n<p class=\"has-text-align-center wp-block-paragraph\" style=\"font-size:20px\"><strong><mark style=\"background-color:rgba(0, 0, 0, 0)\" class=\"has-inline-color has-black-color\">COLECTIVOS AFECTADOS<\/mark><\/strong><\/p>\n\n\n\n<ul class=\"wp-block-list\">\n<li>Se incorpora a las personas que hayan solicitado o est\u00e9n cobrando una prestaci\u00f3n por <strong>incapacidad temporal<\/strong>, incluyendo a quienes <span style=\"text-decoration: underline;\">actualmente se encuentren de baja laboral <\/span>y tengan abierto un procedimiento relacionado con esa situaci\u00f3n.<\/li>\n\n\n\n<li>Afecta a las notificaciones relacionadas con una <strong>incapacidad permanente<\/strong> y con lesiones permanentes no incapacitantes, aunque en estos casos, la obligaci\u00f3n depender\u00e1 del procedimiento concreto al que haga referencia la comunicaci\u00f3n.<\/li>\n\n\n\n<li>Se mantiene a quienes solicitan o cobran <strong>prestaciones por nacimiento y cuidado de un menor<\/strong>, as\u00ed como a las personas que reciben ayudas relacionadas con el <strong>riesgo durante el embarazo o la lactancia natural<\/strong>.<\/li>\n<\/ul>\n\n\n\n<p class=\"has-text-align-center wp-block-paragraph\" style=\"font-size:20px\"><strong><mark style=\"background-color:rgba(0, 0, 0, 0)\" class=\"has-inline-color has-black-color\">NUEVO PROCEDIMIENTO<\/mark><\/strong><\/p>\n\n\n\n<p class=\"wp-block-paragraph\">Las personas afectadas tendr\u00e1n que consultar sus comunicaciones a trav\u00e9s de la <a href=\"https:\/\/sede.seg-social.gob.es\/wps\/portal\/sede\/sede\/Inicio\">Sede Electr\u00f3nica de la Seguridad Social<\/a>.<\/p>\n\n\n\n<p class=\"wp-block-paragraph\">Cuando haya una <strong>nueva notificaci\u00f3n disponible<\/strong>, llegar\u00e1 un aviso al correo electr\u00f3nico o al tel\u00e9fono m\u00f3vil que se haya facilitado previamente. La notificaci\u00f3n se considerar\u00e1 recibida en el momento en el que el destinatario acceda y consulte el documento.<\/p>\n\n\n\n<p class=\"wp-block-paragraph\">Si no lo hace, empezar\u00e1 a contar un <strong>plazo m\u00e1ximo de 10 d\u00edas<\/strong> desde que la comunicaci\u00f3n quede disponible: transcurridos esos diez d\u00edas sin que se haya entrado al contenido, la notificaci\u00f3n se entender\u00e1 rechazada. <\/p>\n\n\n\n<blockquote class=\"wp-block-quote is-layout-flow wp-block-quote-is-layout-flow\">\n<p class=\"has-text-align-center wp-block-paragraph\">Ten en cuenta que dejar de recibir una carta en casa no significa que el procedimiento administrativo se detenga.<\/p>\n<\/blockquote>\n\n\n\n<p class=\"has-text-align-center wp-block-paragraph\" style=\"font-size:20px\"><strong><mark style=\"background-color:rgba(0, 0, 0, 0)\" class=\"has-inline-color has-black-color\">C\u00d3MO ACCEDER A LA SEDE ELECTR\u00d3NICA<\/mark><\/strong><\/p>\n\n\n<div class=\"wp-block-image\">\n<figure class=\"aligncenter size-full is-resized\"><img loading=\"lazy\" decoding=\"async\" width=\"478\" height=\"213\" src=\"https:\/\/www.ugttec.es\/wp-content\/uploads\/2026\/08\/image.png\" alt=\"\" class=\"wp-image-1509\" style=\"aspect-ratio:2.244222727606192;width:652px;height:auto\" srcset=\"https:\/\/www.ugttec.es\/wp-content\/uploads\/2026\/08\/image.png 478w, https:\/\/www.ugttec.es\/wp-content\/uploads\/2026\/08\/image-300x134.png 300w\" sizes=\"auto, (max-width: 478px) 100vw, 478px\" \/><\/figure>\n<\/div>\n\n\n<p class=\"wp-block-paragraph\"><\/p>\n\n\n\n<p class=\"has-text-align-center wp-block-paragraph\" style=\"font-size:20px\"><strong><mark style=\"background-color:rgba(0, 0, 0, 0)\" class=\"has-inline-color has-black-color\">ENTONCES, \u00bfSE DEJAN DE RECIBIR NOTIFICACIONES EN PAPEL<\/mark><mark style=\"background-color:rgba(0, 0, 0, 0)\" class=\"has-inline-color has-vivid-red-color\">?<\/mark><\/strong><\/p>\n\n\n\n<p class=\"wp-block-paragraph\"><strong>NO<\/strong>. La Seguridad Social <span style=\"text-decoration: underline;\">podr\u00e1 seguir utilizando medios no electr\u00f3nicos<\/span> en determinados casos.<\/p>\n\n\n\n<ul class=\"wp-block-list\">\n<li>Situaciones en las que sea necesaria una entrega presencial para garantizar la eficacia de una actuaci\u00f3n administrativa<\/li>\n\n\n\n<li>Cuando exista una urgencia que haga incompatible esperar al funcionamiento habitual del canal digital. <\/li>\n\n\n\n<li>Cuando el organismo no disponga del n\u00famero de tel\u00e9fono m\u00f3vil o del correo electr\u00f3nico de la persona interesada para enviarle el aviso correspondiente. <\/li>\n<\/ul>\n\n\n\n<blockquote class=\"wp-block-quote is-layout-flow wp-block-quote-is-layout-flow\">\n<p class=\"has-text-align-center wp-block-paragraph\">Seguir\u00e1n manteniendo sus notificaciones como hasta ahora quienes cobren una pensi\u00f3n de&nbsp;jubilaci\u00f3n, viudedad u orfandad as\u00ed como quienes reciben el&nbsp;&nbsp;IMV o determinadas prestaciones familiares.<\/p>\n<\/blockquote>\n\n\n\n<p class=\"has-text-align-center wp-block-paragraph\" style=\"font-size:20px\"><strong><mark style=\"background-color:rgba(0, 0, 0, 0)\" class=\"has-inline-color has-black-color\">EN RESUMEN<\/mark><\/strong><\/p>\n\n\n<div class=\"wp-block-image\">\n<figure class=\"aligncenter size-large\"><img loading=\"lazy\" decoding=\"async\" width=\"683\" height=\"1024\" src=\"https:\/\/www.ugttec.es\/wp-content\/uploads\/2026\/08\/UGT-DEF-WhatsApp-Image-2026-08-27-at-20.41.55-683x1024.jpeg\" alt=\"\" class=\"wp-image-1523\" srcset=\"https:\/\/www.ugttec.es\/wp-content\/uploads\/2026\/08\/UGT-DEF-WhatsApp-Image-2026-08-27-at-20.41.55-683x1024.jpeg 683w, https:\/\/www.ugttec.es\/wp-content\/uploads\/2026\/08\/UGT-DEF-WhatsApp-Image-2026-08-27-at-20.41.55-200x300.jpeg 200w, https:\/\/www.ugttec.es\/wp-content\/uploads\/2026\/08\/UGT-DEF-WhatsApp-Image-2026-08-27-at-20.41.55-768x1152.jpeg 768w, https:\/\/www.ugttec.es\/wp-content\/uploads\/2026\/08\/UGT-DEF-WhatsApp-Image-2026-08-27-at-20.41.55.jpeg 1024w\" sizes=\"auto, (max-width: 683px) 100vw, 683px\" \/><\/figure>\n<\/div>\n\n\n<p class=\"has-text-align-center has-medium-font-size wp-block-paragraph\"><strong>\u00a1\u00a1SI TIENES CUALQUIER DUDA, CONSULTA A TU DELEGADA O DELEGADO DE UGT!!<\/strong><\/p>\n\n\n\n<p class=\"wp-block-paragraph\"><\/p>\n","protected":false},"excerpt":{"rendered":"<p>1 de septiembre: La Seguridad Social cambia su forma de enviar notificaciones El pr\u00f3ximo 1 de septiembre, entrar\u00e1 en vigor la Orden ISM\/541\/2026 por la que la Seguridad Social dejar\u00e1 de enviar por carta las notificaciones relacionadas con algunos tr\u00e1mites. COLECTIVOS AFECTADOS NUEVO PROCEDIMIENTO Las personas afectadas tendr\u00e1n que consultar sus comunicaciones a trav\u00e9s de [&hellip;]<\/p>\n","protected":false},"author":7,"featured_media":1512,"comment_status":"open","ping_status":"open","sticky":false,"template":"","format":"standard","meta":{"footnotes":""},"categories":[54,1],"tags":[57],"class_list":["post-1508","post","type-post","status-publish","format-standard","has-post-thumbnail","hentry","category-derechos-laborales","category-sin-categoria","tag-derechos-laborales"],"yoast_head":"<!-- This site is optimized with the Yoast SEO plugin v27.8 - https:\/\/yoast.com\/product\/yoast-seo-wordpress\/ -->\n<title>Cambios en la forma de notificaci\u00f3n de la Seguridad Social -<\/title>\n<meta name=\"robots\" content=\"index, follow, max-snippet:-1, max-image-preview:large, max-video-preview:-1\" \/>\n<link rel=\"canonical\" href=\"https:\/\/www.ugttec.es\/index.php\/2026\/08\/28\/cambios-en-la-forma-de-notificacion-de-la-seguridad-social\/\" \/>\n<meta property=\"og:locale\" content=\"es_ES\" \/>\n<meta property=\"og:type\" content=\"article\" \/>\n<meta property=\"og:title\" content=\"Cambios en la forma de notificaci\u00f3n de la Seguridad Social -\" \/>\n<meta property=\"og:description\" content=\"1 de septiembre: La Seguridad Social cambia su forma de enviar notificaciones El pr\u00f3ximo 1 de septiembre, entrar\u00e1 en vigor la Orden ISM\/541\/2026 por la que la Seguridad Social dejar\u00e1 de enviar por carta las notificaciones relacionadas con algunos tr\u00e1mites. COLECTIVOS AFECTADOS NUEVO PROCEDIMIENTO Las personas afectadas tendr\u00e1n que consultar sus comunicaciones a trav\u00e9s de [&hellip;]\" \/>\n<meta property=\"og:url\" content=\"https:\/\/www.ugttec.es\/index.php\/2026\/08\/28\/cambios-en-la-forma-de-notificacion-de-la-seguridad-social\/\" \/>\n<meta property=\"article:published_time\" content=\"2026-08-28T09:39:10+00:00\" \/>\n<meta property=\"og:image\" content=\"https:\/\/www.ugttec.es\/wp-content\/uploads\/2026\/08\/WhatsApp-Image-2026-08-27-at-13.35.38.jpeg\" \/>\n\t<meta property=\"og:image:width\" content=\"316\" \/>\n\t<meta property=\"og:image:height\" content=\"144\" \/>\n\t<meta property=\"og:image:type\" content=\"image\/jpeg\" \/>\n<meta name=\"author\" content=\"Leticia\" \/>\n<meta name=\"twitter:card\" content=\"summary_large_image\" \/>\n<meta name=\"twitter:label1\" content=\"Escrito por\" \/>\n\t<meta name=\"twitter:data1\" content=\"Leticia\" \/>\n\t<meta name=\"twitter:label2\" content=\"Tiempo de lectura\" \/>\n\t<meta name=\"twitter:data2\" content=\"3 minutos\" \/>\n<script type=\"application\/ld+json\" class=\"yoast-schema-graph\">{\"@context\":\"https:\\\/\\\/schema.org\",\"@graph\":[{\"@type\":\"Article\",\"@id\":\"https:\\\/\\\/www.ugttec.es\\\/index.php\\\/2026\\\/08\\\/28\\\/cambios-en-la-forma-de-notificacion-de-la-seguridad-social\\\/#article\",\"isPartOf\":{\"@id\":\"https:\\\/\\\/www.ugttec.es\\\/index.php\\\/2026\\\/08\\\/28\\\/cambios-en-la-forma-de-notificacion-de-la-seguridad-social\\\/\"},\"author\":{\"name\":\"Leticia\",\"@id\":\"https:\\\/\\\/www.ugttec.es\\\/#\\\/schema\\\/person\\\/d00e864e28920b1d931120f6bc81152f\"},\"headline\":\"Cambios en la forma de notificaci\u00f3n de la Seguridad Social\",\"datePublished\":\"2026-08-28T09:39:10+00:00\",\"mainEntityOfPage\":{\"@id\":\"https:\\\/\\\/www.ugttec.es\\\/index.php\\\/2026\\\/08\\\/28\\\/cambios-en-la-forma-de-notificacion-de-la-seguridad-social\\\/\"},\"wordCount\":417,\"commentCount\":0,\"publisher\":{\"@id\":\"https:\\\/\\\/www.ugttec.es\\\/#organization\"},\"image\":{\"@id\":\"https:\\\/\\\/www.ugttec.es\\\/index.php\\\/2026\\\/08\\\/28\\\/cambios-en-la-forma-de-notificacion-de-la-seguridad-social\\\/#primaryimage\"},\"thumbnailUrl\":\"https:\\\/\\\/www.ugttec.es\\\/wp-content\\\/uploads\\\/2026\\\/08\\\/WhatsApp-Image-2026-08-27-at-13.35.38.jpeg\",\"keywords\":[\"Derechos laborales\"],\"articleSection\":[\"Derechos laborales\"],\"inLanguage\":\"es\",\"potentialAction\":[{\"@type\":\"CommentAction\",\"name\":\"Comment\",\"target\":[\"https:\\\/\\\/www.ugttec.es\\\/index.php\\\/2026\\\/08\\\/28\\\/cambios-en-la-forma-de-notificacion-de-la-seguridad-social\\\/#respond\"]}]},{\"@type\":\"WebPage\",\"@id\":\"https:\\\/\\\/www.ugttec.es\\\/index.php\\\/2026\\\/08\\\/28\\\/cambios-en-la-forma-de-notificacion-de-la-seguridad-social\\\/\",\"url\":\"https:\\\/\\\/www.ugttec.es\\\/index.php\\\/2026\\\/08\\\/28\\\/cambios-en-la-forma-de-notificacion-de-la-seguridad-social\\\/\",\"name\":\"Cambios en la forma de notificaci\u00f3n de la Seguridad Social -\",\"isPartOf\":{\"@id\":\"https:\\\/\\\/www.ugttec.es\\\/#website\"},\"primaryImageOfPage\":{\"@id\":\"https:\\\/\\\/www.ugttec.es\\\/index.php\\\/2026\\\/08\\\/28\\\/cambios-en-la-forma-de-notificacion-de-la-seguridad-social\\\/#primaryimage\"},\"image\":{\"@id\":\"https:\\\/\\\/www.ugttec.es\\\/index.php\\\/2026\\\/08\\\/28\\\/cambios-en-la-forma-de-notificacion-de-la-seguridad-social\\\/#primaryimage\"},\"thumbnailUrl\":\"https:\\\/\\\/www.ugttec.es\\\/wp-content\\\/uploads\\\/2026\\\/08\\\/WhatsApp-Image-2026-08-27-at-13.35.38.jpeg\",\"datePublished\":\"2026-08-28T09:39:10+00:00\",\"breadcrumb\":{\"@id\":\"https:\\\/\\\/www.ugttec.es\\\/index.php\\\/2026\\\/08\\\/28\\\/cambios-en-la-forma-de-notificacion-de-la-seguridad-social\\\/#breadcrumb\"},\"inLanguage\":\"es\",\"potentialAction\":[{\"@type\":\"ReadAction\",\"target\":[\"https:\\\/\\\/www.ugttec.es\\\/index.php\\\/2026\\\/08\\\/28\\\/cambios-en-la-forma-de-notificacion-de-la-seguridad-social\\\/\"]}]},{\"@type\":\"ImageObject\",\"inLanguage\":\"es\",\"@id\":\"https:\\\/\\\/www.ugttec.es\\\/index.php\\\/2026\\\/08\\\/28\\\/cambios-en-la-forma-de-notificacion-de-la-seguridad-social\\\/#primaryimage\",\"url\":\"https:\\\/\\\/www.ugttec.es\\\/wp-content\\\/uploads\\\/2026\\\/08\\\/WhatsApp-Image-2026-08-27-at-13.35.38.jpeg\",\"contentUrl\":\"https:\\\/\\\/www.ugttec.es\\\/wp-content\\\/uploads\\\/2026\\\/08\\\/WhatsApp-Image-2026-08-27-at-13.35.38.jpeg\",\"width\":316,\"height\":144},{\"@type\":\"BreadcrumbList\",\"@id\":\"https:\\\/\\\/www.ugttec.es\\\/index.php\\\/2026\\\/08\\\/28\\\/cambios-en-la-forma-de-notificacion-de-la-seguridad-social\\\/#breadcrumb\",\"itemListElement\":[{\"@type\":\"ListItem\",\"position\":1,\"name\":\"Portada\",\"item\":\"https:\\\/\\\/www.ugttec.es\\\/\"},{\"@type\":\"ListItem\",\"position\":2,\"name\":\"Cambios en la forma de notificaci\u00f3n de la Seguridad Social\"}]},{\"@type\":\"WebSite\",\"@id\":\"https:\\\/\\\/www.ugttec.es\\\/#website\",\"url\":\"https:\\\/\\\/www.ugttec.es\\\/\",\"name\":\"La web de la Secci\u00f3n Sindical de la UGT en Tragsatec\",\"description\":\"Secci\u00f3n Sindical  Tragsatec\",\"publisher\":{\"@id\":\"https:\\\/\\\/www.ugttec.es\\\/#organization\"},\"potentialAction\":[{\"@type\":\"SearchAction\",\"target\":{\"@type\":\"EntryPoint\",\"urlTemplate\":\"https:\\\/\\\/www.ugttec.es\\\/?s={search_term_string}\"},\"query-input\":{\"@type\":\"PropertyValueSpecification\",\"valueRequired\":true,\"valueName\":\"search_term_string\"}}],\"inLanguage\":\"es\"},{\"@type\":\"Organization\",\"@id\":\"https:\\\/\\\/www.ugttec.es\\\/#organization\",\"name\":\"Secci\u00f3n Sindical de la UGT en Tragsatec\",\"url\":\"https:\\\/\\\/www.ugttec.es\\\/\",\"logo\":{\"@type\":\"ImageObject\",\"inLanguage\":\"es\",\"@id\":\"https:\\\/\\\/www.ugttec.es\\\/#\\\/schema\\\/logo\\\/image\\\/\",\"url\":\"https:\\\/\\\/www.ugttec.es\\\/wp-content\\\/uploads\\\/2026\\\/05\\\/UGT-MARCA_H_cmyk.png\",\"contentUrl\":\"https:\\\/\\\/www.ugttec.es\\\/wp-content\\\/uploads\\\/2026\\\/05\\\/UGT-MARCA_H_cmyk.png\",\"width\":2327,\"height\":781,\"caption\":\"Secci\u00f3n Sindical de la UGT en Tragsatec\"},\"image\":{\"@id\":\"https:\\\/\\\/www.ugttec.es\\\/#\\\/schema\\\/logo\\\/image\\\/\"},\"sameAs\":[\"https:\\\/\\\/whatsapp.com\\\/channel\\\/0029Vb41KFyChq6V4F7cqU0n\"]},{\"@type\":\"Person\",\"@id\":\"https:\\\/\\\/www.ugttec.es\\\/#\\\/schema\\\/person\\\/d00e864e28920b1d931120f6bc81152f\",\"name\":\"Leticia\",\"image\":{\"@type\":\"ImageObject\",\"inLanguage\":\"es\",\"@id\":\"https:\\\/\\\/secure.gravatar.com\\\/avatar\\\/04e85d08a3b04c0a1215476532abe9ea83b519328af5fa672e4b7137d7089572?s=96&d=mm&r=g\",\"url\":\"https:\\\/\\\/secure.gravatar.com\\\/avatar\\\/04e85d08a3b04c0a1215476532abe9ea83b519328af5fa672e4b7137d7089572?s=96&d=mm&r=g\",\"contentUrl\":\"https:\\\/\\\/secure.gravatar.com\\\/avatar\\\/04e85d08a3b04c0a1215476532abe9ea83b519328af5fa672e4b7137d7089572?s=96&d=mm&r=g\",\"caption\":\"Leticia\"},\"url\":\"https:\\\/\\\/www.ugttec.es\\\/index.php\\\/author\\\/leticia\\\/\"}]}<\/script>\n<!-- \/ Yoast SEO plugin. -->","yoast_head_json":{"title":"Cambios en la forma de notificaci\u00f3n de la Seguridad Social -","robots":{"index":"index","follow":"follow","max-snippet":"max-snippet:-1","max-image-preview":"max-image-preview:large","max-video-preview":"max-video-preview:-1"},"canonical":"https:\/\/www.ugttec.es\/index.php\/2026\/08\/28\/cambios-en-la-forma-de-notificacion-de-la-seguridad-social\/","og_locale":"es_ES","og_type":"article","og_title":"Cambios en la forma de notificaci\u00f3n de la Seguridad Social -","og_description":"1 de septiembre: La Seguridad Social cambia su forma de enviar notificaciones El pr\u00f3ximo 1 de septiembre, entrar\u00e1 en vigor la Orden ISM\/541\/2026 por la que la Seguridad Social dejar\u00e1 de enviar por carta las notificaciones relacionadas con algunos tr\u00e1mites. COLECTIVOS AFECTADOS NUEVO PROCEDIMIENTO Las personas afectadas tendr\u00e1n que consultar sus comunicaciones a trav\u00e9s de [&hellip;]","og_url":"https:\/\/www.ugttec.es\/index.php\/2026\/08\/28\/cambios-en-la-forma-de-notificacion-de-la-seguridad-social\/","article_published_time":"2026-08-28T09:39:10+00:00","og_image":[{"width":316,"height":144,"url":"https:\/\/www.ugttec.es\/wp-content\/uploads\/2026\/08\/WhatsApp-Image-2026-08-27-at-13.35.38.jpeg","type":"image\/jpeg"}],"author":"Leticia","twitter_card":"summary_large_image","twitter_misc":{"Escrito por":"Leticia","Tiempo de lectura":"3 minutos"},"schema":{"@context":"https:\/\/schema.org","@graph":[{"@type":"Article","@id":"https:\/\/www.ugttec.es\/index.php\/2026\/08\/28\/cambios-en-la-forma-de-notificacion-de-la-seguridad-social\/#article","isPartOf":{"@id":"https:\/\/www.ugttec.es\/index.php\/2026\/08\/28\/cambios-en-la-forma-de-notificacion-de-la-seguridad-social\/"},"author":{"name":"Leticia","@id":"https:\/\/www.ugttec.es\/#\/schema\/person\/d00e864e28920b1d931120f6bc81152f"},"headline":"Cambios en la forma de notificaci\u00f3n de la Seguridad Social","datePublished":"2026-08-28T09:39:10+00:00","mainEntityOfPage":{"@id":"https:\/\/www.ugttec.es\/index.php\/2026\/08\/28\/cambios-en-la-forma-de-notificacion-de-la-seguridad-social\/"},"wordCount":417,"commentCount":0,"publisher":{"@id":"https:\/\/www.ugttec.es\/#organization"},"image":{"@id":"https:\/\/www.ugttec.es\/index.php\/2026\/08\/28\/cambios-en-la-forma-de-notificacion-de-la-seguridad-social\/#primaryimage"},"thumbnailUrl":"https:\/\/www.ugttec.es\/wp-content\/uploads\/2026\/08\/WhatsApp-Image-2026-08-27-at-13.35.38.jpeg","keywords":["Derechos laborales"],"articleSection":["Derechos laborales"],"inLanguage":"es","potentialAction":[{"@type":"CommentAction","name":"Comment","target":["https:\/\/www.ugttec.es\/index.php\/2026\/08\/28\/cambios-en-la-forma-de-notificacion-de-la-seguridad-social\/#respond"]}]},{"@type":"WebPage","@id":"https:\/\/www.ugttec.es\/index.php\/2026\/08\/28\/cambios-en-la-forma-de-notificacion-de-la-seguridad-social\/","url":"https:\/\/www.ugttec.es\/index.php\/2026\/08\/28\/cambios-en-la-forma-de-notificacion-de-la-seguridad-social\/","name":"Cambios en la forma de notificaci\u00f3n de la Seguridad Social -","isPartOf":{"@id":"https:\/\/www.ugttec.es\/#website"},"primaryImageOfPage":{"@id":"https:\/\/www.ugttec.es\/index.php\/2026\/08\/28\/cambios-en-la-forma-de-notificacion-de-la-seguridad-social\/#primaryimage"},"image":{"@id":"https:\/\/www.ugttec.es\/index.php\/2026\/08\/28\/cambios-en-la-forma-de-notificacion-de-la-seguridad-social\/#primaryimage"},"thumbnailUrl":"https:\/\/www.ugttec.es\/wp-content\/uploads\/2026\/08\/WhatsApp-Image-2026-08-27-at-13.35.38.jpeg","datePublished":"2026-08-28T09:39:10+00:00","breadcrumb":{"@id":"https:\/\/www.ugttec.es\/index.php\/2026\/08\/28\/cambios-en-la-forma-de-notificacion-de-la-seguridad-social\/#breadcrumb"},"inLanguage":"es","potentialAction":[{"@type":"ReadAction","target":["https:\/\/www.ugttec.es\/index.php\/2026\/08\/28\/cambios-en-la-forma-de-notificacion-de-la-seguridad-social\/"]}]},{"@type":"ImageObject","inLanguage":"es","@id":"https:\/\/www.ugttec.es\/index.php\/2026\/08\/28\/cambios-en-la-forma-de-notificacion-de-la-seguridad-social\/#primaryimage","url":"https:\/\/www.ugttec.es\/wp-content\/uploads\/2026\/08\/WhatsApp-Image-2026-08-27-at-13.35.38.jpeg","contentUrl":"https:\/\/www.ugttec.es\/wp-content\/uploads\/2026\/08\/WhatsApp-Image-2026-08-27-at-13.35.38.jpeg","width":316,"height":144},{"@type":"BreadcrumbList","@id":"https:\/\/www.ugttec.es\/index.php\/2026\/08\/28\/cambios-en-la-forma-de-notificacion-de-la-seguridad-social\/#breadcrumb","itemListElement":[{"@type":"ListItem","position":1,"name":"Portada","item":"https:\/\/www.ugttec.es\/"},{"@type":"ListItem","position":2,"name":"Cambios en la forma de notificaci\u00f3n de la Seguridad Social"}]},{"@type":"WebSite","@id":"https:\/\/www.ugttec.es\/#website","url":"https:\/\/www.ugttec.es\/","name":"La web de la Secci\u00f3n Sindical de la UGT en Tragsatec","description":"Secci\u00f3n Sindical  Tragsatec","publisher":{"@id":"https:\/\/www.ugttec.es\/#organization"},"potentialAction":[{"@type":"SearchAction","target":{"@type":"EntryPoint","urlTemplate":"https:\/\/www.ugttec.es\/?s={search_term_string}"},"query-input":{"@type":"PropertyValueSpecification","valueRequired":true,"valueName":"search_term_string"}}],"inLanguage":"es"},{"@type":"Organization","@id":"https:\/\/www.ugttec.es\/#organization","name":"Secci\u00f3n Sindical de la UGT en Tragsatec","url":"https:\/\/www.ugttec.es\/","logo":{"@type":"ImageObject","inLanguage":"es","@id":"https:\/\/www.ugttec.es\/#\/schema\/logo\/image\/","url":"https:\/\/www.ugttec.es\/wp-content\/uploads\/2026\/05\/UGT-MARCA_H_cmyk.png","contentUrl":"https:\/\/www.ugttec.es\/wp-content\/uploads\/2026\/05\/UGT-MARCA_H_cmyk.png","width":2327,"height":781,"caption":"Secci\u00f3n Sindical de la UGT en Tragsatec"},"image":{"@id":"https:\/\/www.ugttec.es\/#\/schema\/logo\/image\/"},"sameAs":["https:\/\/whatsapp.com\/channel\/0029Vb41KFyChq6V4F7cqU0n"]},{"@type":"Person","@id":"https:\/\/www.ugttec.es\/#\/schema\/person\/d00e864e28920b1d931120f6bc81152f","name":"Leticia","image":{"@type":"ImageObject","inLanguage":"es","@id":"https:\/\/secure.gravatar.com\/avatar\/04e85d08a3b04c0a1215476532abe9ea83b519328af5fa672e4b7137d7089572?s=96&d=mm&r=g","url":"https:\/\/secure.gravatar.com\/avatar\/04e85d08a3b04c0a1215476532abe9ea83b519328af5fa672e4b7137d7089572?s=96&d=mm&r=g","contentUrl":"https:\/\/secure.gravatar.com\/avatar\/04e85d08a3b04c0a1215476532abe9ea83b519328af5fa672e4b7137d7089572?s=96&d=mm&r=g","caption":"Leticia"},"url":"https:\/\/www.ugttec.es\/index.php\/author\/leticia\/"}]}},"_links":{"self":[{"href":"https:\/\/www.ugttec.es\/index.php\/wp-json\/wp\/v2\/posts\/1508","targetHints":{"allow":["GET"]}}],"collection":[{"href":"https:\/\/www.ugttec.es\/index.php\/wp-json\/wp\/v2\/posts"}],"about":[{"href":"https:\/\/www.ugttec.es\/index.php\/wp-json\/wp\/v2\/types\/post"}],"author":[{"embeddable":true,"href":"https:\/\/www.ugttec.es\/index.php\/wp-json\/wp\/v2\/users\/7"}],"replies":[{"embeddable":true,"href":"https:\/\/www.ugttec.es\/index.php\/wp-json\/wp\/v2\/comments?post=1508"}],"version-history":[{"count":9,"href":"https:\/\/www.ugttec.es\/index.php\/wp-json\/wp\/v2\/posts\/1508\/revisions"}],"predecessor-version":[{"id":1524,"href":"https:\/\/www.ugttec.es\/index.php\/wp-json\/wp\/v2\/posts\/1508\/revisions\/1524"}],"wp:featuredmedia":[{"embeddable":true,"href":"https:\/\/www.ugttec.es\/index.php\/wp-json\/wp\/v2\/media\/1512"}],"wp:attachment":[{"href":"https:\/\/www.ugttec.es\/index.php\/wp-json\/wp\/v2\/media?parent=1508"}],"wp:term":[{"taxonomy":"category","embeddable":true,"href":"https:\/\/www.ugttec.es\/index.php\/wp-json\/wp\/v2\/categories?post=1508"},{"taxonomy":"post_tag","embeddable":true,"href":"https:\/\/www.ugttec.es\/index.php\/wp-json\/wp\/v2\/tags?post=1508"}],"curies":[{"name":"wp","href":"https:\/\/api.w.org\/{rel}","templated":true}]}}