{"id":203,"date":"2023-06-08T21:51:34","date_gmt":"2023-06-08T21:51:34","guid":{"rendered":"http:\/\/www.ugttec.es\/?p=203"},"modified":"2023-06-08T22:19:53","modified_gmt":"2023-06-08T22:19:53","slug":"ugtenverde","status":"publish","type":"post","link":"https:\/\/www.ugttec.es\/index.php\/2023\/06\/08\/ugtenverde\/","title":{"rendered":"#UGTenVERDE"},"content":{"rendered":"\n<p><\/p>\n\n\n\n<figure class=\"wp-block-video aligncenter\"><video height=\"480\" style=\"aspect-ratio: 640 \/ 480;\" width=\"640\" controls src=\"http:\/\/www.ugttec.es\/wp-content\/uploads\/2023\/06\/VID-20230608-WA0001.3gp\"><\/video><\/figure>\n\n\n\n<p class=\"has-text-align-center has-vivid-green-cyan-color has-text-color has-large-font-size\"><strong>La transici\u00f3n ecol\u00f3gica ser\u00e1 JUSTA o no ser\u00e1<\/strong><\/p>\n","protected":false},"excerpt":{"rendered":"<p>La transici\u00f3n ecol\u00f3gica ser\u00e1 JUSTA o no ser\u00e1<\/p>\n","protected":false},"author":1,"featured_media":0,"comment_status":"open","ping_status":"open","sticky":false,"template":"","format":"video","meta":{"footnotes":""},"categories":[1],"tags":[],"class_list":["post-203","post","type-post","status-publish","format-video","hentry","category-sin-categoria","post_format-post-format-video"],"yoast_head":"<!-- This site is optimized with the Yoast SEO plugin v26.8 - https:\/\/yoast.com\/product\/yoast-seo-wordpress\/ -->\n<title>#UGTenVERDE - La web de la Secci\u00f3n Sindical de la UGT en Tragsatec<\/title>\n<meta name=\"robots\" content=\"index, follow, max-snippet:-1, max-image-preview:large, max-video-preview:-1\" \/>\n<link rel=\"canonical\" href=\"https:\/\/www.ugttec.es\/index.php\/2023\/06\/08\/ugtenverde\/\" \/>\n<meta property=\"og:locale\" content=\"es_ES\" \/>\n<meta property=\"og:type\" content=\"article\" \/>\n<meta property=\"og:title\" content=\"#UGTenVERDE - La web de la Secci\u00f3n Sindical de la UGT en Tragsatec\" \/>\n<meta property=\"og:description\" content=\"La transici\u00f3n ecol\u00f3gica ser\u00e1 JUSTA o no ser\u00e1\" \/>\n<meta property=\"og:url\" content=\"https:\/\/www.ugttec.es\/index.php\/2023\/06\/08\/ugtenverde\/\" \/>\n<meta property=\"og:site_name\" content=\"La web de la Secci\u00f3n Sindical de la UGT en Tragsatec\" \/>\n<meta property=\"article:published_time\" content=\"2023-06-08T21:51:34+00:00\" \/>\n<meta property=\"article:modified_time\" content=\"2023-06-08T22:19:53+00:00\" \/>\n<meta name=\"author\" content=\"ugttec\" \/>\n<meta name=\"twitter:card\" content=\"summary_large_image\" \/>\n<meta name=\"twitter:label1\" content=\"Escrito por\" \/>\n\t<meta name=\"twitter:data1\" content=\"ugttec\" \/>\n<script type=\"application\/ld+json\" class=\"yoast-schema-graph\">{\"@context\":\"https:\/\/schema.org\",\"@graph\":[{\"@type\":\"Article\",\"@id\":\"https:\/\/www.ugttec.es\/index.php\/2023\/06\/08\/ugtenverde\/#article\",\"isPartOf\":{\"@id\":\"https:\/\/www.ugttec.es\/index.php\/2023\/06\/08\/ugtenverde\/\"},\"author\":{\"name\":\"ugttec\",\"@id\":\"https:\/\/www.ugttec.es\/#\/schema\/person\/2f4b4d876bba7a134dff30ac6ae94775\"},\"headline\":\"#UGTenVERDE\",\"datePublished\":\"2023-06-08T21:51:34+00:00\",\"dateModified\":\"2023-06-08T22:19:53+00:00\",\"mainEntityOfPage\":{\"@id\":\"https:\/\/www.ugttec.es\/index.php\/2023\/06\/08\/ugtenverde\/\"},\"wordCount\":11,\"commentCount\":0,\"publisher\":{\"@id\":\"https:\/\/www.ugttec.es\/#organization\"},\"inLanguage\":\"es\",\"potentialAction\":[{\"@type\":\"CommentAction\",\"name\":\"Comment\",\"target\":[\"https:\/\/www.ugttec.es\/index.php\/2023\/06\/08\/ugtenverde\/#respond\"]}]},{\"@type\":\"WebPage\",\"@id\":\"https:\/\/www.ugttec.es\/index.php\/2023\/06\/08\/ugtenverde\/\",\"url\":\"https:\/\/www.ugttec.es\/index.php\/2023\/06\/08\/ugtenverde\/\",\"name\":\"#UGTenVERDE - La web de la Secci\u00f3n Sindical de la UGT en Tragsatec\",\"isPartOf\":{\"@id\":\"https:\/\/www.ugttec.es\/#website\"},\"datePublished\":\"2023-06-08T21:51:34+00:00\",\"dateModified\":\"2023-06-08T22:19:53+00:00\",\"breadcrumb\":{\"@id\":\"https:\/\/www.ugttec.es\/index.php\/2023\/06\/08\/ugtenverde\/#breadcrumb\"},\"inLanguage\":\"es\",\"potentialAction\":[{\"@type\":\"ReadAction\",\"target\":[\"https:\/\/www.ugttec.es\/index.php\/2023\/06\/08\/ugtenverde\/\"]}]},{\"@type\":\"BreadcrumbList\",\"@id\":\"https:\/\/www.ugttec.es\/index.php\/2023\/06\/08\/ugtenverde\/#breadcrumb\",\"itemListElement\":[{\"@type\":\"ListItem\",\"position\":1,\"name\":\"Portada\",\"item\":\"https:\/\/www.ugttec.es\/\"},{\"@type\":\"ListItem\",\"position\":2,\"name\":\"#UGTenVERDE\"}]},{\"@type\":\"WebSite\",\"@id\":\"https:\/\/www.ugttec.es\/#website\",\"url\":\"https:\/\/www.ugttec.es\/\",\"name\":\"La web de la Secci\u00f3n Sindical de la UGT en Tragsatec\",\"description\":\"\",\"publisher\":{\"@id\":\"https:\/\/www.ugttec.es\/#organization\"},\"potentialAction\":[{\"@type\":\"SearchAction\",\"target\":{\"@type\":\"EntryPoint\",\"urlTemplate\":\"https:\/\/www.ugttec.es\/?s={search_term_string}\"},\"query-input\":{\"@type\":\"PropertyValueSpecification\",\"valueRequired\":true,\"valueName\":\"search_term_string\"}}],\"inLanguage\":\"es\"},{\"@type\":\"Organization\",\"@id\":\"https:\/\/www.ugttec.es\/#organization\",\"name\":\"Secci\u00f3n Sindical de la UGT en Tragsatec\",\"url\":\"https:\/\/www.ugttec.es\/\",\"logo\":{\"@type\":\"ImageObject\",\"inLanguage\":\"es\",\"@id\":\"https:\/\/www.ugttec.es\/#\/schema\/logo\/image\/\",\"url\":\"https:\/\/www.ugttec.es\/wp-content\/uploads\/2023\/05\/cropped-mancheta-sin-fondo.png\",\"contentUrl\":\"https:\/\/www.ugttec.es\/wp-content\/uploads\/2023\/05\/cropped-mancheta-sin-fondo.png\",\"width\":771,\"height\":232,\"caption\":\"Secci\u00f3n Sindical de la UGT en Tragsatec\"},\"image\":{\"@id\":\"https:\/\/www.ugttec.es\/#\/schema\/logo\/image\/\"},\"sameAs\":[\"https:\/\/whatsapp.com\/channel\/0029Vb41KFyChq6V4F7cqU0n\"]},{\"@type\":\"Person\",\"@id\":\"https:\/\/www.ugttec.es\/#\/schema\/person\/2f4b4d876bba7a134dff30ac6ae94775\",\"name\":\"ugttec\",\"image\":{\"@type\":\"ImageObject\",\"inLanguage\":\"es\",\"@id\":\"https:\/\/www.ugttec.es\/#\/schema\/person\/image\/\",\"url\":\"https:\/\/secure.gravatar.com\/avatar\/35d4e2ce9a5e72ec224efc57c375bcd1de7301245cfb9963e1332a2e9dab9008?s=96&d=mm&r=g\",\"contentUrl\":\"https:\/\/secure.gravatar.com\/avatar\/35d4e2ce9a5e72ec224efc57c375bcd1de7301245cfb9963e1332a2e9dab9008?s=96&d=mm&r=g\",\"caption\":\"ugttec\"},\"sameAs\":[\"http:\/\/www.ugttec.es\"],\"url\":\"https:\/\/www.ugttec.es\/index.php\/author\/eduadmin\/\"}]}<\/script>\n<!-- \/ Yoast SEO plugin. -->","yoast_head_json":{"title":"#UGTenVERDE - La web de la Secci\u00f3n Sindical de la UGT en Tragsatec","robots":{"index":"index","follow":"follow","max-snippet":"max-snippet:-1","max-image-preview":"max-image-preview:large","max-video-preview":"max-video-preview:-1"},"canonical":"https:\/\/www.ugttec.es\/index.php\/2023\/06\/08\/ugtenverde\/","og_locale":"es_ES","og_type":"article","og_title":"#UGTenVERDE - La web de la Secci\u00f3n Sindical de la UGT en Tragsatec","og_description":"La transici\u00f3n ecol\u00f3gica ser\u00e1 JUSTA o no ser\u00e1","og_url":"https:\/\/www.ugttec.es\/index.php\/2023\/06\/08\/ugtenverde\/","og_site_name":"La web de la Secci\u00f3n Sindical de la UGT en Tragsatec","article_published_time":"2023-06-08T21:51:34+00:00","article_modified_time":"2023-06-08T22:19:53+00:00","author":"ugttec","twitter_card":"summary_large_image","twitter_misc":{"Escrito por":"ugttec"},"schema":{"@context":"https:\/\/schema.org","@graph":[{"@type":"Article","@id":"https:\/\/www.ugttec.es\/index.php\/2023\/06\/08\/ugtenverde\/#article","isPartOf":{"@id":"https:\/\/www.ugttec.es\/index.php\/2023\/06\/08\/ugtenverde\/"},"author":{"name":"ugttec","@id":"https:\/\/www.ugttec.es\/#\/schema\/person\/2f4b4d876bba7a134dff30ac6ae94775"},"headline":"#UGTenVERDE","datePublished":"2023-06-08T21:51:34+00:00","dateModified":"2023-06-08T22:19:53+00:00","mainEntityOfPage":{"@id":"https:\/\/www.ugttec.es\/index.php\/2023\/06\/08\/ugtenverde\/"},"wordCount":11,"commentCount":0,"publisher":{"@id":"https:\/\/www.ugttec.es\/#organization"},"inLanguage":"es","potentialAction":[{"@type":"CommentAction","name":"Comment","target":["https:\/\/www.ugttec.es\/index.php\/2023\/06\/08\/ugtenverde\/#respond"]}]},{"@type":"WebPage","@id":"https:\/\/www.ugttec.es\/index.php\/2023\/06\/08\/ugtenverde\/","url":"https:\/\/www.ugttec.es\/index.php\/2023\/06\/08\/ugtenverde\/","name":"#UGTenVERDE - La web de la Secci\u00f3n Sindical de la UGT en Tragsatec","isPartOf":{"@id":"https:\/\/www.ugttec.es\/#website"},"datePublished":"2023-06-08T21:51:34+00:00","dateModified":"2023-06-08T22:19:53+00:00","breadcrumb":{"@id":"https:\/\/www.ugttec.es\/index.php\/2023\/06\/08\/ugtenverde\/#breadcrumb"},"inLanguage":"es","potentialAction":[{"@type":"ReadAction","target":["https:\/\/www.ugttec.es\/index.php\/2023\/06\/08\/ugtenverde\/"]}]},{"@type":"BreadcrumbList","@id":"https:\/\/www.ugttec.es\/index.php\/2023\/06\/08\/ugtenverde\/#breadcrumb","itemListElement":[{"@type":"ListItem","position":1,"name":"Portada","item":"https:\/\/www.ugttec.es\/"},{"@type":"ListItem","position":2,"name":"#UGTenVERDE"}]},{"@type":"WebSite","@id":"https:\/\/www.ugttec.es\/#website","url":"https:\/\/www.ugttec.es\/","name":"La web de la Secci\u00f3n Sindical de la UGT en Tragsatec","description":"","publisher":{"@id":"https:\/\/www.ugttec.es\/#organization"},"potentialAction":[{"@type":"SearchAction","target":{"@type":"EntryPoint","urlTemplate":"https:\/\/www.ugttec.es\/?s={search_term_string}"},"query-input":{"@type":"PropertyValueSpecification","valueRequired":true,"valueName":"search_term_string"}}],"inLanguage":"es"},{"@type":"Organization","@id":"https:\/\/www.ugttec.es\/#organization","name":"Secci\u00f3n Sindical de la UGT en Tragsatec","url":"https:\/\/www.ugttec.es\/","logo":{"@type":"ImageObject","inLanguage":"es","@id":"https:\/\/www.ugttec.es\/#\/schema\/logo\/image\/","url":"https:\/\/www.ugttec.es\/wp-content\/uploads\/2023\/05\/cropped-mancheta-sin-fondo.png","contentUrl":"https:\/\/www.ugttec.es\/wp-content\/uploads\/2023\/05\/cropped-mancheta-sin-fondo.png","width":771,"height":232,"caption":"Secci\u00f3n Sindical de la UGT en Tragsatec"},"image":{"@id":"https:\/\/www.ugttec.es\/#\/schema\/logo\/image\/"},"sameAs":["https:\/\/whatsapp.com\/channel\/0029Vb41KFyChq6V4F7cqU0n"]},{"@type":"Person","@id":"https:\/\/www.ugttec.es\/#\/schema\/person\/2f4b4d876bba7a134dff30ac6ae94775","name":"ugttec","image":{"@type":"ImageObject","inLanguage":"es","@id":"https:\/\/www.ugttec.es\/#\/schema\/person\/image\/","url":"https:\/\/secure.gravatar.com\/avatar\/35d4e2ce9a5e72ec224efc57c375bcd1de7301245cfb9963e1332a2e9dab9008?s=96&d=mm&r=g","contentUrl":"https:\/\/secure.gravatar.com\/avatar\/35d4e2ce9a5e72ec224efc57c375bcd1de7301245cfb9963e1332a2e9dab9008?s=96&d=mm&r=g","caption":"ugttec"},"sameAs":["http:\/\/www.ugttec.es"],"url":"https:\/\/www.ugttec.es\/index.php\/author\/eduadmin\/"}]}},"_links":{"self":[{"href":"https:\/\/www.ugttec.es\/index.php\/wp-json\/wp\/v2\/posts\/203","targetHints":{"allow":["GET"]}}],"collection":[{"href":"https:\/\/www.ugttec.es\/index.php\/wp-json\/wp\/v2\/posts"}],"about":[{"href":"https:\/\/www.ugttec.es\/index.php\/wp-json\/wp\/v2\/types\/post"}],"author":[{"embeddable":true,"href":"https:\/\/www.ugttec.es\/index.php\/wp-json\/wp\/v2\/users\/1"}],"replies":[{"embeddable":true,"href":"https:\/\/www.ugttec.es\/index.php\/wp-json\/wp\/v2\/comments?post=203"}],"version-history":[{"count":7,"href":"https:\/\/www.ugttec.es\/index.php\/wp-json\/wp\/v2\/posts\/203\/revisions"}],"predecessor-version":[{"id":217,"href":"https:\/\/www.ugttec.es\/index.php\/wp-json\/wp\/v2\/posts\/203\/revisions\/217"}],"wp:attachment":[{"href":"https:\/\/www.ugttec.es\/index.php\/wp-json\/wp\/v2\/media?parent=203"}],"wp:term":[{"taxonomy":"category","embeddable":true,"href":"https:\/\/www.ugttec.es\/index.php\/wp-json\/wp\/v2\/categories?post=203"},{"taxonomy":"post_tag","embeddable":true,"href":"https:\/\/www.ugttec.es\/index.php\/wp-json\/wp\/v2\/tags?post=203"}],"curies":[{"name":"wp","href":"https:\/\/api.w.org\/{rel}","templated":true}]}}