{"id":294,"date":"2025-02-14T07:54:48","date_gmt":"2025-02-14T07:54:48","guid":{"rendered":"https:\/\/www.ugttec.es\/?p=294"},"modified":"2025-02-14T09:07:03","modified_gmt":"2025-02-14T09:07:03","slug":"nueva-reunion-de-negociacion-para-la-actualizacion-del-acuerdo-de-homologacion","status":"publish","type":"post","link":"https:\/\/www.ugttec.es\/index.php\/2025\/02\/14\/nueva-reunion-de-negociacion-para-la-actualizacion-del-acuerdo-de-homologacion\/","title":{"rendered":"Nueva reuni\u00f3n de negociaci\u00f3n para la actualizaci\u00f3n del Acuerdo de Homologaci\u00f3n"},"content":{"rendered":"\n<p>El&nbsp;<span style=\"text-decoration: underline;\">pr\u00f3ximo d\u00eda 18 de febrero<\/span>&nbsp;se mantendr\u00e1 una nueva reuni\u00f3n de negociaci\u00f3n del Acuerdo de Homologaci\u00f3n en el que se tratar\u00e1n los siguientes asuntos:<\/p>\n\n\n\n<ul class=\"wp-block-list has-vivid-red-color has-text-color has-link-color wp-elements-c5a398620a8f11e817e46d0d975ea86d\">\n<li>An\u00e1lisis bloque relacionado con permisos y licencias<\/li>\n\n\n\n<li>An\u00e1lisis nueva propuesta en materia de jornada<\/li>\n\n\n\n<li>An\u00e1lisis bloque relacionado con Prevenci\u00f3n de Riesgos Laborales<\/li>\n<\/ul>\n\n\n\n<p>En el\u00a0<strong><mark style=\"background-color:#cf2e2e\" class=\"has-inline-color has-white-color\">siguiente enlance<\/mark><\/strong>\u00a0os resumimos los puntos que llevaremos a esta reuni\u00f3n y que forman parte de nuestra plataforma reivindicativa.<\/p>\n\n\n\n<div class=\"wp-block-buttons is-content-justification-center is-layout-flex wp-container-core-buttons-is-layout-a89b3969 wp-block-buttons-is-layout-flex\">\n<div class=\"wp-block-button\"><a class=\"wp-block-button__link has-white-color has-vivid-red-background-color has-text-color has-background has-link-color has-text-align-center wp-element-button\" href=\"https:\/\/drive.google.com\/file\/d\/1Zm0l4jUgjsxssDUeHbSYoBUMx4PxBGG2\/view?usp=sharing\">Permisos, licencias y PRL<\/a><\/div>\n<\/div>\n\n\n\n<p>Gracias a&nbsp;<strong><mark style=\"background-color:rgba(0, 0, 0, 0)\" class=\"has-inline-color has-vivid-red-color\">UGT<\/mark><\/strong>&nbsp;se han incorporado puntos en el proceso de negociaci\u00f3n que&nbsp;<span style=\"text-decoration: underline;\">tanto la Direcci\u00f3n como las otras Secciones Sindicales&nbsp;<strong>hab\u00edan dejado fuera<\/strong><\/span>. Estos puntos son:<\/p>\n\n\n\n<ul class=\"wp-block-list has-vivid-red-color has-text-color has-link-color wp-elements-0829306af6f5e92a85de8f8e989f5214\">\n<li>Procesos de Estabilizaci\u00f3n \/ Reposici\u00f3n de puestos<\/li>\n\n\n\n<li>Promoci\u00f3n interna<\/li>\n\n\n\n<li>Carrera profesional<\/li>\n\n\n\n<li>Igualdad<\/li>\n\n\n\n<li>Sistema retributivo (salarios)<\/li>\n\n\n\n<li>Teletrabajo<\/li>\n\n\n\n<li class=\"has-vivid-red-color has-text-color has-link-color wp-elements-414497b96c29d7a33e8c277caf821f67\">R\u00e9gimen sancionador<\/li>\n<\/ul>\n\n\n\n<p>En nuestro af\u00e1n de que no se quede ning\u00fan tema importante fuera, <mark style=\"background-color:rgba(0, 0, 0, 0)\" class=\"has-inline-color has-vivid-red-color\"><strong>UGT<\/strong> <\/mark>hemos vuelto a pedir que se incorpore un punto para hablar del cap\u00edtulo de <strong>ASUNTOS SOCIALES<\/strong>, que parece no estar incluido en este nuevo listado de temas. No pueden quedarse sin tratar <span style=\"text-decoration: underline;\">temas tan importantes como<\/span>: <\/p>\n\n\n\n<pre class=\"wp-block-preformatted\">dotaci\u00f3n del FAS para el personal eventual, dotaci\u00f3n del FAV, regulaci\u00f3n de la cobertura de gastos suplidos (gastos de colegiaci\u00f3n), relevo generacional, seguros (sanitario y dental, accidente, jur\u00eddico, responsabilidad civil profesional) o premios.<\/pre>\n\n\n\n<p class=\"has-text-align-center has-medium-font-size\"><strong><mark style=\"background-color:rgba(0, 0, 0, 0)\" class=\"has-inline-color has-vivid-red-color\">UGT <\/mark>seguiremos trabajando para que en esta negociaci\u00f3n se hable de los problemas reales de la empresa (que no son pocos) y velaremos porque se incluyan TODOS<\/strong><\/p>\n\n\n\n<p><span style=\"text-decoration: underline;\">Despu\u00e9s de 14 a\u00f1os de vigencia del Acuerdo de Homologaci\u00f3n<\/span>, no podemos dejar pasar esta <strong>ocasi\u00f3n para sentar las bases de un marco de regulaci\u00f3n laboral ambicioso, de presente, pero sobre de todo de futuro.<\/strong><\/p>\n","protected":false},"excerpt":{"rendered":"<p>Continuamos la negociaci\u00f3n de la actualizaci\u00f3n del Acuerdo de Homologaci\u00f3n<\/p>\n","protected":false},"author":4,"featured_media":272,"comment_status":"open","ping_status":"open","sticky":false,"template":"","format":"standard","meta":{"footnotes":""},"categories":[17,16],"tags":[],"class_list":["post-294","post","type-post","status-publish","format-standard","has-post-thumbnail","hentry","category-acuerdo-de-homologacion","category-rse"],"yoast_head":"<!-- This site is optimized with the Yoast SEO plugin v26.8 - https:\/\/yoast.com\/product\/yoast-seo-wordpress\/ -->\n<title>Nueva reuni\u00f3n de negociaci\u00f3n para la actualizaci\u00f3n del Acuerdo de Homologaci\u00f3n - La web de la Secci\u00f3n Sindical de la UGT en Tragsatec<\/title>\n<meta name=\"robots\" content=\"index, follow, max-snippet:-1, max-image-preview:large, max-video-preview:-1\" \/>\n<link rel=\"canonical\" href=\"https:\/\/www.ugttec.es\/index.php\/2025\/02\/14\/nueva-reunion-de-negociacion-para-la-actualizacion-del-acuerdo-de-homologacion\/\" \/>\n<meta property=\"og:locale\" content=\"es_ES\" \/>\n<meta property=\"og:type\" content=\"article\" \/>\n<meta property=\"og:title\" content=\"Nueva reuni\u00f3n de negociaci\u00f3n para la actualizaci\u00f3n del Acuerdo de Homologaci\u00f3n\" \/>\n<meta property=\"og:description\" content=\"El\u00a0pr\u00f3ximo d\u00eda 18 de febrero\u00a0se mantendr\u00e1 una nueva reuni\u00f3n de negociaci\u00f3n del Acuerdo de Homologaci\u00f3n. En esta entrada os contamos nuestras propuestas.\" \/>\n<meta property=\"og:url\" content=\"https:\/\/www.ugttec.es\/index.php\/2025\/02\/14\/nueva-reunion-de-negociacion-para-la-actualizacion-del-acuerdo-de-homologacion\/\" \/>\n<meta property=\"og:site_name\" content=\"La web de la Secci\u00f3n Sindical de la UGT en Tragsatec\" \/>\n<meta property=\"article:published_time\" content=\"2025-02-14T07:54:48+00:00\" \/>\n<meta property=\"article:modified_time\" content=\"2025-02-14T09:07:03+00:00\" \/>\n<meta property=\"og:image\" content=\"https:\/\/www.ugttec.es\/wp-content\/uploads\/2025\/01\/1738101319061.jpg\" \/>\n\t<meta property=\"og:image:width\" content=\"640\" \/>\n\t<meta property=\"og:image:height\" content=\"318\" \/>\n\t<meta property=\"og:image:type\" content=\"image\/jpeg\" \/>\n<meta name=\"author\" content=\"Secci\u00f3n Sindical UGT\" \/>\n<meta name=\"twitter:card\" content=\"summary_large_image\" \/>\n<meta name=\"twitter:label1\" content=\"Escrito por\" \/>\n\t<meta name=\"twitter:data1\" content=\"Secci\u00f3n Sindical UGT\" \/>\n\t<meta name=\"twitter:label2\" content=\"Tiempo de lectura\" \/>\n\t<meta name=\"twitter:data2\" content=\"2 minutos\" \/>\n<script type=\"application\/ld+json\" class=\"yoast-schema-graph\">{\"@context\":\"https:\/\/schema.org\",\"@graph\":[{\"@type\":\"Article\",\"@id\":\"https:\/\/www.ugttec.es\/index.php\/2025\/02\/14\/nueva-reunion-de-negociacion-para-la-actualizacion-del-acuerdo-de-homologacion\/#article\",\"isPartOf\":{\"@id\":\"https:\/\/www.ugttec.es\/index.php\/2025\/02\/14\/nueva-reunion-de-negociacion-para-la-actualizacion-del-acuerdo-de-homologacion\/\"},\"author\":{\"name\":\"Secci\u00f3n Sindical UGT\",\"@id\":\"https:\/\/www.ugttec.es\/#\/schema\/person\/25f9af2919d3d619eadece2afe7f05d5\"},\"headline\":\"Nueva reuni\u00f3n de negociaci\u00f3n para la actualizaci\u00f3n del Acuerdo de Homologaci\u00f3n\",\"datePublished\":\"2025-02-14T07:54:48+00:00\",\"dateModified\":\"2025-02-14T09:07:03+00:00\",\"mainEntityOfPage\":{\"@id\":\"https:\/\/www.ugttec.es\/index.php\/2025\/02\/14\/nueva-reunion-de-negociacion-para-la-actualizacion-del-acuerdo-de-homologacion\/\"},\"wordCount\":273,\"commentCount\":0,\"publisher\":{\"@id\":\"https:\/\/www.ugttec.es\/#organization\"},\"image\":{\"@id\":\"https:\/\/www.ugttec.es\/index.php\/2025\/02\/14\/nueva-reunion-de-negociacion-para-la-actualizacion-del-acuerdo-de-homologacion\/#primaryimage\"},\"thumbnailUrl\":\"https:\/\/www.ugttec.es\/wp-content\/uploads\/2025\/01\/1738101319061.jpg\",\"articleSection\":[\"Acuerdo de Homologaci\u00f3n\",\"RSE\"],\"inLanguage\":\"es\",\"potentialAction\":[{\"@type\":\"CommentAction\",\"name\":\"Comment\",\"target\":[\"https:\/\/www.ugttec.es\/index.php\/2025\/02\/14\/nueva-reunion-de-negociacion-para-la-actualizacion-del-acuerdo-de-homologacion\/#respond\"]}]},{\"@type\":\"WebPage\",\"@id\":\"https:\/\/www.ugttec.es\/index.php\/2025\/02\/14\/nueva-reunion-de-negociacion-para-la-actualizacion-del-acuerdo-de-homologacion\/\",\"url\":\"https:\/\/www.ugttec.es\/index.php\/2025\/02\/14\/nueva-reunion-de-negociacion-para-la-actualizacion-del-acuerdo-de-homologacion\/\",\"name\":\"Nueva reuni\u00f3n de negociaci\u00f3n para la actualizaci\u00f3n del Acuerdo de Homologaci\u00f3n - La web de la Secci\u00f3n Sindical de la UGT en Tragsatec\",\"isPartOf\":{\"@id\":\"https:\/\/www.ugttec.es\/#website\"},\"primaryImageOfPage\":{\"@id\":\"https:\/\/www.ugttec.es\/index.php\/2025\/02\/14\/nueva-reunion-de-negociacion-para-la-actualizacion-del-acuerdo-de-homologacion\/#primaryimage\"},\"image\":{\"@id\":\"https:\/\/www.ugttec.es\/index.php\/2025\/02\/14\/nueva-reunion-de-negociacion-para-la-actualizacion-del-acuerdo-de-homologacion\/#primaryimage\"},\"thumbnailUrl\":\"https:\/\/www.ugttec.es\/wp-content\/uploads\/2025\/01\/1738101319061.jpg\",\"datePublished\":\"2025-02-14T07:54:48+00:00\",\"dateModified\":\"2025-02-14T09:07:03+00:00\",\"breadcrumb\":{\"@id\":\"https:\/\/www.ugttec.es\/index.php\/2025\/02\/14\/nueva-reunion-de-negociacion-para-la-actualizacion-del-acuerdo-de-homologacion\/#breadcrumb\"},\"inLanguage\":\"es\",\"potentialAction\":[{\"@type\":\"ReadAction\",\"target\":[\"https:\/\/www.ugttec.es\/index.php\/2025\/02\/14\/nueva-reunion-de-negociacion-para-la-actualizacion-del-acuerdo-de-homologacion\/\"]}]},{\"@type\":\"ImageObject\",\"inLanguage\":\"es\",\"@id\":\"https:\/\/www.ugttec.es\/index.php\/2025\/02\/14\/nueva-reunion-de-negociacion-para-la-actualizacion-del-acuerdo-de-homologacion\/#primaryimage\",\"url\":\"https:\/\/www.ugttec.es\/wp-content\/uploads\/2025\/01\/1738101319061.jpg\",\"contentUrl\":\"https:\/\/www.ugttec.es\/wp-content\/uploads\/2025\/01\/1738101319061.jpg\",\"width\":640,\"height\":318,\"caption\":\"Reuni\u00f3n Acuerdo Homologaci\u00f3n\"},{\"@type\":\"BreadcrumbList\",\"@id\":\"https:\/\/www.ugttec.es\/index.php\/2025\/02\/14\/nueva-reunion-de-negociacion-para-la-actualizacion-del-acuerdo-de-homologacion\/#breadcrumb\",\"itemListElement\":[{\"@type\":\"ListItem\",\"position\":1,\"name\":\"Portada\",\"item\":\"https:\/\/www.ugttec.es\/\"},{\"@type\":\"ListItem\",\"position\":2,\"name\":\"Nueva reuni\u00f3n de negociaci\u00f3n para la actualizaci\u00f3n del Acuerdo de Homologaci\u00f3n\"}]},{\"@type\":\"WebSite\",\"@id\":\"https:\/\/www.ugttec.es\/#website\",\"url\":\"https:\/\/www.ugttec.es\/\",\"name\":\"La web de la Secci\u00f3n Sindical de la UGT en Tragsatec\",\"description\":\"\",\"publisher\":{\"@id\":\"https:\/\/www.ugttec.es\/#organization\"},\"potentialAction\":[{\"@type\":\"SearchAction\",\"target\":{\"@type\":\"EntryPoint\",\"urlTemplate\":\"https:\/\/www.ugttec.es\/?s={search_term_string}\"},\"query-input\":{\"@type\":\"PropertyValueSpecification\",\"valueRequired\":true,\"valueName\":\"search_term_string\"}}],\"inLanguage\":\"es\"},{\"@type\":\"Organization\",\"@id\":\"https:\/\/www.ugttec.es\/#organization\",\"name\":\"Secci\u00f3n Sindical de la UGT en Tragsatec\",\"url\":\"https:\/\/www.ugttec.es\/\",\"logo\":{\"@type\":\"ImageObject\",\"inLanguage\":\"es\",\"@id\":\"https:\/\/www.ugttec.es\/#\/schema\/logo\/image\/\",\"url\":\"https:\/\/www.ugttec.es\/wp-content\/uploads\/2023\/05\/cropped-mancheta-sin-fondo.png\",\"contentUrl\":\"https:\/\/www.ugttec.es\/wp-content\/uploads\/2023\/05\/cropped-mancheta-sin-fondo.png\",\"width\":771,\"height\":232,\"caption\":\"Secci\u00f3n Sindical de la UGT en Tragsatec\"},\"image\":{\"@id\":\"https:\/\/www.ugttec.es\/#\/schema\/logo\/image\/\"},\"sameAs\":[\"https:\/\/whatsapp.com\/channel\/0029Vb41KFyChq6V4F7cqU0n\"]},{\"@type\":\"Person\",\"@id\":\"https:\/\/www.ugttec.es\/#\/schema\/person\/25f9af2919d3d619eadece2afe7f05d5\",\"name\":\"Secci\u00f3n Sindical UGT\",\"image\":{\"@type\":\"ImageObject\",\"inLanguage\":\"es\",\"@id\":\"https:\/\/www.ugttec.es\/#\/schema\/person\/image\/\",\"url\":\"https:\/\/secure.gravatar.com\/avatar\/c21f8630c816f75e48b772d24d6563eb836c4e497f8b1867bcd1f1c73457edf7?s=96&d=mm&r=g\",\"contentUrl\":\"https:\/\/secure.gravatar.com\/avatar\/c21f8630c816f75e48b772d24d6563eb836c4e497f8b1867bcd1f1c73457edf7?s=96&d=mm&r=g\",\"caption\":\"Secci\u00f3n Sindical UGT\"},\"url\":\"https:\/\/www.ugttec.es\/index.php\/author\/joaquin\/\"}]}<\/script>\n<!-- \/ Yoast SEO plugin. -->","yoast_head_json":{"title":"Nueva reuni\u00f3n de negociaci\u00f3n para la actualizaci\u00f3n del Acuerdo de Homologaci\u00f3n - La web de la Secci\u00f3n Sindical de la UGT en Tragsatec","robots":{"index":"index","follow":"follow","max-snippet":"max-snippet:-1","max-image-preview":"max-image-preview:large","max-video-preview":"max-video-preview:-1"},"canonical":"https:\/\/www.ugttec.es\/index.php\/2025\/02\/14\/nueva-reunion-de-negociacion-para-la-actualizacion-del-acuerdo-de-homologacion\/","og_locale":"es_ES","og_type":"article","og_title":"Nueva reuni\u00f3n de negociaci\u00f3n para la actualizaci\u00f3n del Acuerdo de Homologaci\u00f3n","og_description":"El\u00a0pr\u00f3ximo d\u00eda 18 de febrero\u00a0se mantendr\u00e1 una nueva reuni\u00f3n de negociaci\u00f3n del Acuerdo de Homologaci\u00f3n. En esta entrada os contamos nuestras propuestas.","og_url":"https:\/\/www.ugttec.es\/index.php\/2025\/02\/14\/nueva-reunion-de-negociacion-para-la-actualizacion-del-acuerdo-de-homologacion\/","og_site_name":"La web de la Secci\u00f3n Sindical de la UGT en Tragsatec","article_published_time":"2025-02-14T07:54:48+00:00","article_modified_time":"2025-02-14T09:07:03+00:00","og_image":[{"width":640,"height":318,"url":"https:\/\/www.ugttec.es\/wp-content\/uploads\/2025\/01\/1738101319061.jpg","type":"image\/jpeg"}],"author":"Secci\u00f3n Sindical UGT","twitter_card":"summary_large_image","twitter_misc":{"Escrito por":"Secci\u00f3n Sindical UGT","Tiempo de lectura":"2 minutos"},"schema":{"@context":"https:\/\/schema.org","@graph":[{"@type":"Article","@id":"https:\/\/www.ugttec.es\/index.php\/2025\/02\/14\/nueva-reunion-de-negociacion-para-la-actualizacion-del-acuerdo-de-homologacion\/#article","isPartOf":{"@id":"https:\/\/www.ugttec.es\/index.php\/2025\/02\/14\/nueva-reunion-de-negociacion-para-la-actualizacion-del-acuerdo-de-homologacion\/"},"author":{"name":"Secci\u00f3n Sindical UGT","@id":"https:\/\/www.ugttec.es\/#\/schema\/person\/25f9af2919d3d619eadece2afe7f05d5"},"headline":"Nueva reuni\u00f3n de negociaci\u00f3n para la actualizaci\u00f3n del Acuerdo de Homologaci\u00f3n","datePublished":"2025-02-14T07:54:48+00:00","dateModified":"2025-02-14T09:07:03+00:00","mainEntityOfPage":{"@id":"https:\/\/www.ugttec.es\/index.php\/2025\/02\/14\/nueva-reunion-de-negociacion-para-la-actualizacion-del-acuerdo-de-homologacion\/"},"wordCount":273,"commentCount":0,"publisher":{"@id":"https:\/\/www.ugttec.es\/#organization"},"image":{"@id":"https:\/\/www.ugttec.es\/index.php\/2025\/02\/14\/nueva-reunion-de-negociacion-para-la-actualizacion-del-acuerdo-de-homologacion\/#primaryimage"},"thumbnailUrl":"https:\/\/www.ugttec.es\/wp-content\/uploads\/2025\/01\/1738101319061.jpg","articleSection":["Acuerdo de Homologaci\u00f3n","RSE"],"inLanguage":"es","potentialAction":[{"@type":"CommentAction","name":"Comment","target":["https:\/\/www.ugttec.es\/index.php\/2025\/02\/14\/nueva-reunion-de-negociacion-para-la-actualizacion-del-acuerdo-de-homologacion\/#respond"]}]},{"@type":"WebPage","@id":"https:\/\/www.ugttec.es\/index.php\/2025\/02\/14\/nueva-reunion-de-negociacion-para-la-actualizacion-del-acuerdo-de-homologacion\/","url":"https:\/\/www.ugttec.es\/index.php\/2025\/02\/14\/nueva-reunion-de-negociacion-para-la-actualizacion-del-acuerdo-de-homologacion\/","name":"Nueva reuni\u00f3n de negociaci\u00f3n para la actualizaci\u00f3n del Acuerdo de Homologaci\u00f3n - La web de la Secci\u00f3n Sindical de la UGT en Tragsatec","isPartOf":{"@id":"https:\/\/www.ugttec.es\/#website"},"primaryImageOfPage":{"@id":"https:\/\/www.ugttec.es\/index.php\/2025\/02\/14\/nueva-reunion-de-negociacion-para-la-actualizacion-del-acuerdo-de-homologacion\/#primaryimage"},"image":{"@id":"https:\/\/www.ugttec.es\/index.php\/2025\/02\/14\/nueva-reunion-de-negociacion-para-la-actualizacion-del-acuerdo-de-homologacion\/#primaryimage"},"thumbnailUrl":"https:\/\/www.ugttec.es\/wp-content\/uploads\/2025\/01\/1738101319061.jpg","datePublished":"2025-02-14T07:54:48+00:00","dateModified":"2025-02-14T09:07:03+00:00","breadcrumb":{"@id":"https:\/\/www.ugttec.es\/index.php\/2025\/02\/14\/nueva-reunion-de-negociacion-para-la-actualizacion-del-acuerdo-de-homologacion\/#breadcrumb"},"inLanguage":"es","potentialAction":[{"@type":"ReadAction","target":["https:\/\/www.ugttec.es\/index.php\/2025\/02\/14\/nueva-reunion-de-negociacion-para-la-actualizacion-del-acuerdo-de-homologacion\/"]}]},{"@type":"ImageObject","inLanguage":"es","@id":"https:\/\/www.ugttec.es\/index.php\/2025\/02\/14\/nueva-reunion-de-negociacion-para-la-actualizacion-del-acuerdo-de-homologacion\/#primaryimage","url":"https:\/\/www.ugttec.es\/wp-content\/uploads\/2025\/01\/1738101319061.jpg","contentUrl":"https:\/\/www.ugttec.es\/wp-content\/uploads\/2025\/01\/1738101319061.jpg","width":640,"height":318,"caption":"Reuni\u00f3n Acuerdo Homologaci\u00f3n"},{"@type":"BreadcrumbList","@id":"https:\/\/www.ugttec.es\/index.php\/2025\/02\/14\/nueva-reunion-de-negociacion-para-la-actualizacion-del-acuerdo-de-homologacion\/#breadcrumb","itemListElement":[{"@type":"ListItem","position":1,"name":"Portada","item":"https:\/\/www.ugttec.es\/"},{"@type":"ListItem","position":2,"name":"Nueva reuni\u00f3n de negociaci\u00f3n para la actualizaci\u00f3n del Acuerdo de Homologaci\u00f3n"}]},{"@type":"WebSite","@id":"https:\/\/www.ugttec.es\/#website","url":"https:\/\/www.ugttec.es\/","name":"La web de la Secci\u00f3n Sindical de la UGT en Tragsatec","description":"","publisher":{"@id":"https:\/\/www.ugttec.es\/#organization"},"potentialAction":[{"@type":"SearchAction","target":{"@type":"EntryPoint","urlTemplate":"https:\/\/www.ugttec.es\/?s={search_term_string}"},"query-input":{"@type":"PropertyValueSpecification","valueRequired":true,"valueName":"search_term_string"}}],"inLanguage":"es"},{"@type":"Organization","@id":"https:\/\/www.ugttec.es\/#organization","name":"Secci\u00f3n Sindical de la UGT en Tragsatec","url":"https:\/\/www.ugttec.es\/","logo":{"@type":"ImageObject","inLanguage":"es","@id":"https:\/\/www.ugttec.es\/#\/schema\/logo\/image\/","url":"https:\/\/www.ugttec.es\/wp-content\/uploads\/2023\/05\/cropped-mancheta-sin-fondo.png","contentUrl":"https:\/\/www.ugttec.es\/wp-content\/uploads\/2023\/05\/cropped-mancheta-sin-fondo.png","width":771,"height":232,"caption":"Secci\u00f3n Sindical de la UGT en Tragsatec"},"image":{"@id":"https:\/\/www.ugttec.es\/#\/schema\/logo\/image\/"},"sameAs":["https:\/\/whatsapp.com\/channel\/0029Vb41KFyChq6V4F7cqU0n"]},{"@type":"Person","@id":"https:\/\/www.ugttec.es\/#\/schema\/person\/25f9af2919d3d619eadece2afe7f05d5","name":"Secci\u00f3n Sindical UGT","image":{"@type":"ImageObject","inLanguage":"es","@id":"https:\/\/www.ugttec.es\/#\/schema\/person\/image\/","url":"https:\/\/secure.gravatar.com\/avatar\/c21f8630c816f75e48b772d24d6563eb836c4e497f8b1867bcd1f1c73457edf7?s=96&d=mm&r=g","contentUrl":"https:\/\/secure.gravatar.com\/avatar\/c21f8630c816f75e48b772d24d6563eb836c4e497f8b1867bcd1f1c73457edf7?s=96&d=mm&r=g","caption":"Secci\u00f3n Sindical UGT"},"url":"https:\/\/www.ugttec.es\/index.php\/author\/joaquin\/"}]}},"_links":{"self":[{"href":"https:\/\/www.ugttec.es\/index.php\/wp-json\/wp\/v2\/posts\/294","targetHints":{"allow":["GET"]}}],"collection":[{"href":"https:\/\/www.ugttec.es\/index.php\/wp-json\/wp\/v2\/posts"}],"about":[{"href":"https:\/\/www.ugttec.es\/index.php\/wp-json\/wp\/v2\/types\/post"}],"author":[{"embeddable":true,"href":"https:\/\/www.ugttec.es\/index.php\/wp-json\/wp\/v2\/users\/4"}],"replies":[{"embeddable":true,"href":"https:\/\/www.ugttec.es\/index.php\/wp-json\/wp\/v2\/comments?post=294"}],"version-history":[{"count":5,"href":"https:\/\/www.ugttec.es\/index.php\/wp-json\/wp\/v2\/posts\/294\/revisions"}],"predecessor-version":[{"id":318,"href":"https:\/\/www.ugttec.es\/index.php\/wp-json\/wp\/v2\/posts\/294\/revisions\/318"}],"wp:featuredmedia":[{"embeddable":true,"href":"https:\/\/www.ugttec.es\/index.php\/wp-json\/wp\/v2\/media\/272"}],"wp:attachment":[{"href":"https:\/\/www.ugttec.es\/index.php\/wp-json\/wp\/v2\/media?parent=294"}],"wp:term":[{"taxonomy":"category","embeddable":true,"href":"https:\/\/www.ugttec.es\/index.php\/wp-json\/wp\/v2\/categories?post=294"},{"taxonomy":"post_tag","embeddable":true,"href":"https:\/\/www.ugttec.es\/index.php\/wp-json\/wp\/v2\/tags?post=294"}],"curies":[{"name":"wp","href":"https:\/\/api.w.org\/{rel}","templated":true}]}}