{"id":297,"date":"2025-02-13T23:23:39","date_gmt":"2025-02-13T23:23:39","guid":{"rendered":"https:\/\/www.ugttec.es\/?p=297"},"modified":"2025-02-13T23:24:48","modified_gmt":"2025-02-13T23:24:48","slug":"inicio-de-la-negociacion-de-xxi-convenio-sectorial-de-ingenieria","status":"publish","type":"post","link":"https:\/\/www.ugttec.es\/index.php\/2025\/02\/13\/inicio-de-la-negociacion-de-xxi-convenio-sectorial-de-ingenieria\/","title":{"rendered":"Inicio de la negociaci\u00f3n de XXI Convenio Sectorial de Ingenier\u00eda"},"content":{"rendered":"\n<p>El pasado&nbsp;d\u00eda 20 de diciembre se constituy\u00f3 la Mesa de Negociaci\u00f3n&nbsp;del que ser\u00e1 el&nbsp;<strong>XXI Convenio Sectorial de empresas de Ingenier\u00eda, Oficinas de Estudios T\u00e9cnicos, Inspecci\u00f3n, Supervisi\u00f3n y Control T\u00e9cnico y de Calidad<\/strong>,&nbsp;<span style=\"text-decoration: underline;\">nuestro convenio colectivo de referencia que desarrolla el Acuerdo de Homologaci\u00f3n<\/span>.&nbsp;<\/p>\n\n\n\n<p><strong><mark style=\"background-color:rgba(0, 0, 0, 0)\" class=\"has-inline-color has-vivid-red-color\">UGT<\/mark><\/strong>&nbsp;disponemos de 5 miembros en la mesa, de los que&nbsp;<strong><mark style=\"background-color:rgba(0, 0, 0, 0)\" class=\"has-inline-color has-vivid-red-color\">1 es compa\u00f1ero de TRAGSATEC<\/mark><\/strong>. Aunque la patronal TECNIBERIA ha echado a nuestra Direcci\u00f3n (pese a ser la mayor ingenier\u00eda de Espa\u00f1a en n\u00famero de personas),  las <span style=\"text-decoration: underline;\">personas trabajadoras de TRAGSATEC s\u00ed estamos representadas<\/span> y con nuestro representante&#8230;.<\/p>\n\n\n\n<p class=\"has-text-align-center has-medium-font-size\"><strong><mark style=\"background-color:rgba(0, 0, 0, 0)\" class=\"has-inline-color has-vivid-red-color\">UGT<\/mark><\/strong>\u00a0<strong>haremos que vuestra voz se escuche<\/strong><\/p>\n\n\n\n<p>El 6 de febrero,\u00a0<strong><mark style=\"background-color:rgba(0, 0, 0, 0)\" class=\"has-inline-color has-vivid-red-color\">UGT<\/mark>\u00a0presentamos nuestra plataforma negociadora<\/strong>\u00a0para el nuevo convenio en el que demandamos: <\/p>\n\n\n\n<pre class=\"wp-block-preformatted\"><strong>estabilidad<\/strong> en el empleo, actualizar la clasificaci\u00f3n profesional, <strong>incremento salarial<\/strong>, actualizaci\u00f3n al SMI autom\u00e1tica, <strong>25 d\u00edas de vacaciones<\/strong>, incremento del importe de las guardias, <strong>nuevo permiso<\/strong> por cirug\u00eda ambulatoria, <strong>aumento<\/strong> de los d\u00edas de <strong>lactancia<\/strong>,\u2026<\/pre>\n\n\n\n<div class=\"wp-block-buttons is-content-justification-center is-layout-flex wp-container-core-buttons-is-layout-a89b3969 wp-block-buttons-is-layout-flex\">\n<div class=\"wp-block-button\"><a class=\"wp-block-button__link has-white-color has-vivid-red-background-color has-text-color has-background has-link-color wp-element-button\" href=\"https:\/\/www.fesmcugt.org\/sectores\/oficinas-y-seguros\/noticias\/actualidad\/ingenierias-fesmc-ugt-presenta-su-plataforma-negociadora-para-el-xxi-convenio-colectivo\">Puedes ampliar informaci\u00f3n aqu\u00ed<\/a><\/div>\n<\/div>\n\n\n\n<p><\/p>\n\n\n\n<p>La&nbsp;pr\u00f3xima reuni\u00f3n de negociaci\u00f3n ser\u00e1 el 4 de marzo\u2026&nbsp;<\/p>\n\n\n\n<p class=\"has-text-align-center has-medium-font-size\"><strong><mark style=\"background-color:rgba(0, 0, 0, 0)\" class=\"has-inline-color has-vivid-red-color\">Os seguiremos informando<\/mark><\/strong><\/p>\n","protected":false},"excerpt":{"rendered":"<p>El pasado&nbsp;d\u00eda 20 de diciembre se constituy\u00f3 la Mesa de Negociaci\u00f3n&nbsp;del que ser\u00e1 el&nbsp;XXI Convenio Sectorial de empresas de Ingenier\u00eda, Oficinas de Estudios T\u00e9cnicos, Inspecci\u00f3n, Supervisi\u00f3n y Control T\u00e9cnico y de Calidad,&nbsp;nuestro convenio colectivo de referencia que desarrolla el Acuerdo de Homologaci\u00f3n.&nbsp; UGT&nbsp;disponemos de 5 miembros en la mesa, de los que&nbsp;1 es compa\u00f1ero de [&hellip;]<\/p>\n","protected":false},"author":4,"featured_media":298,"comment_status":"open","ping_status":"open","sticky":false,"template":"","format":"standard","meta":{"footnotes":""},"categories":[18],"tags":[],"class_list":["post-297","post","type-post","status-publish","format-standard","has-post-thumbnail","hentry","category-cc-ingenieria"],"yoast_head":"<!-- This site is optimized with the Yoast SEO plugin v26.8 - https:\/\/yoast.com\/product\/yoast-seo-wordpress\/ -->\n<title>Inicio de la negociaci\u00f3n de XXI Convenio Sectorial de Ingenier\u00eda - La web de la Secci\u00f3n Sindical de la UGT en Tragsatec<\/title>\n<meta name=\"description\" content=\"El pasado\u00a0d\u00eda 20 de diciembre se constituy\u00f3 la Mesa de Negociaci\u00f3n\u00a0del que ser\u00e1 el\u00a0XXI Convenio Sectorial de empresas de Ingenier\u00eda, Oficinas de Estudios T\u00e9cnicos, Inspecci\u00f3n, Supervisi\u00f3n y Control T\u00e9cnico y de Calidad,\u00a0nuestro convenio colectivo de referencia que desarrolla el Acuerdo de Homologaci\u00f3n.\u00a0\" \/>\n<meta name=\"robots\" content=\"index, follow, max-snippet:-1, max-image-preview:large, max-video-preview:-1\" \/>\n<link rel=\"canonical\" href=\"https:\/\/www.ugttec.es\/index.php\/2025\/02\/13\/inicio-de-la-negociacion-de-xxi-convenio-sectorial-de-ingenieria\/\" \/>\n<meta property=\"og:locale\" content=\"es_ES\" \/>\n<meta property=\"og:type\" content=\"article\" \/>\n<meta property=\"og:title\" content=\"Inicio de la negociaci\u00f3n de XXI Convenio Sectorial de Ingenier\u00eda\" \/>\n<meta property=\"og:description\" content=\"CC Ingenier\u00eda\" \/>\n<meta property=\"og:url\" content=\"https:\/\/www.ugttec.es\/index.php\/2025\/02\/13\/inicio-de-la-negociacion-de-xxi-convenio-sectorial-de-ingenieria\/\" \/>\n<meta property=\"og:site_name\" content=\"La web de la Secci\u00f3n Sindical de la UGT en Tragsatec\" \/>\n<meta property=\"article:published_time\" content=\"2025-02-13T23:23:39+00:00\" \/>\n<meta property=\"article:modified_time\" content=\"2025-02-13T23:24:48+00:00\" \/>\n<meta property=\"og:image\" content=\"https:\/\/www.ugttec.es\/wp-content\/uploads\/2025\/02\/Designer-10-e1739487809488.jpeg\" \/>\n\t<meta property=\"og:image:width\" content=\"1020\" \/>\n\t<meta property=\"og:image:height\" content=\"664\" \/>\n\t<meta property=\"og:image:type\" content=\"image\/jpeg\" \/>\n<meta name=\"author\" content=\"Secci\u00f3n Sindical UGT\" \/>\n<meta name=\"twitter:card\" content=\"summary_large_image\" \/>\n<meta name=\"twitter:label1\" content=\"Escrito por\" \/>\n\t<meta name=\"twitter:data1\" content=\"Secci\u00f3n Sindical UGT\" \/>\n\t<meta name=\"twitter:label2\" content=\"Tiempo de lectura\" \/>\n\t<meta name=\"twitter:data2\" content=\"1 minuto\" \/>\n<script type=\"application\/ld+json\" class=\"yoast-schema-graph\">{\"@context\":\"https:\/\/schema.org\",\"@graph\":[{\"@type\":\"Article\",\"@id\":\"https:\/\/www.ugttec.es\/index.php\/2025\/02\/13\/inicio-de-la-negociacion-de-xxi-convenio-sectorial-de-ingenieria\/#article\",\"isPartOf\":{\"@id\":\"https:\/\/www.ugttec.es\/index.php\/2025\/02\/13\/inicio-de-la-negociacion-de-xxi-convenio-sectorial-de-ingenieria\/\"},\"author\":{\"name\":\"Secci\u00f3n Sindical UGT\",\"@id\":\"https:\/\/www.ugttec.es\/#\/schema\/person\/25f9af2919d3d619eadece2afe7f05d5\"},\"headline\":\"Inicio de la negociaci\u00f3n de XXI Convenio Sectorial de Ingenier\u00eda\",\"datePublished\":\"2025-02-13T23:23:39+00:00\",\"dateModified\":\"2025-02-13T23:24:48+00:00\",\"mainEntityOfPage\":{\"@id\":\"https:\/\/www.ugttec.es\/index.php\/2025\/02\/13\/inicio-de-la-negociacion-de-xxi-convenio-sectorial-de-ingenieria\/\"},\"wordCount\":169,\"commentCount\":0,\"publisher\":{\"@id\":\"https:\/\/www.ugttec.es\/#organization\"},\"image\":{\"@id\":\"https:\/\/www.ugttec.es\/index.php\/2025\/02\/13\/inicio-de-la-negociacion-de-xxi-convenio-sectorial-de-ingenieria\/#primaryimage\"},\"thumbnailUrl\":\"https:\/\/www.ugttec.es\/wp-content\/uploads\/2025\/02\/Designer-10-e1739487809488.jpeg\",\"articleSection\":[\"CC Ingenier\u00eda\"],\"inLanguage\":\"es\",\"potentialAction\":[{\"@type\":\"CommentAction\",\"name\":\"Comment\",\"target\":[\"https:\/\/www.ugttec.es\/index.php\/2025\/02\/13\/inicio-de-la-negociacion-de-xxi-convenio-sectorial-de-ingenieria\/#respond\"]}]},{\"@type\":\"WebPage\",\"@id\":\"https:\/\/www.ugttec.es\/index.php\/2025\/02\/13\/inicio-de-la-negociacion-de-xxi-convenio-sectorial-de-ingenieria\/\",\"url\":\"https:\/\/www.ugttec.es\/index.php\/2025\/02\/13\/inicio-de-la-negociacion-de-xxi-convenio-sectorial-de-ingenieria\/\",\"name\":\"Inicio de la negociaci\u00f3n de XXI Convenio Sectorial de Ingenier\u00eda - La web de la Secci\u00f3n Sindical de la UGT en Tragsatec\",\"isPartOf\":{\"@id\":\"https:\/\/www.ugttec.es\/#website\"},\"primaryImageOfPage\":{\"@id\":\"https:\/\/www.ugttec.es\/index.php\/2025\/02\/13\/inicio-de-la-negociacion-de-xxi-convenio-sectorial-de-ingenieria\/#primaryimage\"},\"image\":{\"@id\":\"https:\/\/www.ugttec.es\/index.php\/2025\/02\/13\/inicio-de-la-negociacion-de-xxi-convenio-sectorial-de-ingenieria\/#primaryimage\"},\"thumbnailUrl\":\"https:\/\/www.ugttec.es\/wp-content\/uploads\/2025\/02\/Designer-10-e1739487809488.jpeg\",\"datePublished\":\"2025-02-13T23:23:39+00:00\",\"dateModified\":\"2025-02-13T23:24:48+00:00\",\"description\":\"El pasado\u00a0d\u00eda 20 de diciembre se constituy\u00f3 la Mesa de Negociaci\u00f3n\u00a0del que ser\u00e1 el\u00a0XXI Convenio Sectorial de empresas de Ingenier\u00eda, Oficinas de Estudios T\u00e9cnicos, Inspecci\u00f3n, Supervisi\u00f3n y Control T\u00e9cnico y de Calidad,\u00a0nuestro convenio colectivo de referencia que desarrolla el Acuerdo de Homologaci\u00f3n.\u00a0\",\"breadcrumb\":{\"@id\":\"https:\/\/www.ugttec.es\/index.php\/2025\/02\/13\/inicio-de-la-negociacion-de-xxi-convenio-sectorial-de-ingenieria\/#breadcrumb\"},\"inLanguage\":\"es\",\"potentialAction\":[{\"@type\":\"ReadAction\",\"target\":[\"https:\/\/www.ugttec.es\/index.php\/2025\/02\/13\/inicio-de-la-negociacion-de-xxi-convenio-sectorial-de-ingenieria\/\"]}]},{\"@type\":\"ImageObject\",\"inLanguage\":\"es\",\"@id\":\"https:\/\/www.ugttec.es\/index.php\/2025\/02\/13\/inicio-de-la-negociacion-de-xxi-convenio-sectorial-de-ingenieria\/#primaryimage\",\"url\":\"https:\/\/www.ugttec.es\/wp-content\/uploads\/2025\/02\/Designer-10-e1739487809488.jpeg\",\"contentUrl\":\"https:\/\/www.ugttec.es\/wp-content\/uploads\/2025\/02\/Designer-10-e1739487809488.jpeg\",\"width\":1020,\"height\":664},{\"@type\":\"BreadcrumbList\",\"@id\":\"https:\/\/www.ugttec.es\/index.php\/2025\/02\/13\/inicio-de-la-negociacion-de-xxi-convenio-sectorial-de-ingenieria\/#breadcrumb\",\"itemListElement\":[{\"@type\":\"ListItem\",\"position\":1,\"name\":\"Portada\",\"item\":\"https:\/\/www.ugttec.es\/\"},{\"@type\":\"ListItem\",\"position\":2,\"name\":\"Inicio de la negociaci\u00f3n de XXI Convenio Sectorial de Ingenier\u00eda\"}]},{\"@type\":\"WebSite\",\"@id\":\"https:\/\/www.ugttec.es\/#website\",\"url\":\"https:\/\/www.ugttec.es\/\",\"name\":\"La web de la Secci\u00f3n Sindical de la UGT en Tragsatec\",\"description\":\"\",\"publisher\":{\"@id\":\"https:\/\/www.ugttec.es\/#organization\"},\"potentialAction\":[{\"@type\":\"SearchAction\",\"target\":{\"@type\":\"EntryPoint\",\"urlTemplate\":\"https:\/\/www.ugttec.es\/?s={search_term_string}\"},\"query-input\":{\"@type\":\"PropertyValueSpecification\",\"valueRequired\":true,\"valueName\":\"search_term_string\"}}],\"inLanguage\":\"es\"},{\"@type\":\"Organization\",\"@id\":\"https:\/\/www.ugttec.es\/#organization\",\"name\":\"Secci\u00f3n Sindical de la UGT en Tragsatec\",\"url\":\"https:\/\/www.ugttec.es\/\",\"logo\":{\"@type\":\"ImageObject\",\"inLanguage\":\"es\",\"@id\":\"https:\/\/www.ugttec.es\/#\/schema\/logo\/image\/\",\"url\":\"https:\/\/www.ugttec.es\/wp-content\/uploads\/2023\/05\/cropped-mancheta-sin-fondo.png\",\"contentUrl\":\"https:\/\/www.ugttec.es\/wp-content\/uploads\/2023\/05\/cropped-mancheta-sin-fondo.png\",\"width\":771,\"height\":232,\"caption\":\"Secci\u00f3n Sindical de la UGT en Tragsatec\"},\"image\":{\"@id\":\"https:\/\/www.ugttec.es\/#\/schema\/logo\/image\/\"},\"sameAs\":[\"https:\/\/whatsapp.com\/channel\/0029Vb41KFyChq6V4F7cqU0n\"]},{\"@type\":\"Person\",\"@id\":\"https:\/\/www.ugttec.es\/#\/schema\/person\/25f9af2919d3d619eadece2afe7f05d5\",\"name\":\"Secci\u00f3n Sindical UGT\",\"image\":{\"@type\":\"ImageObject\",\"inLanguage\":\"es\",\"@id\":\"https:\/\/www.ugttec.es\/#\/schema\/person\/image\/\",\"url\":\"https:\/\/secure.gravatar.com\/avatar\/c21f8630c816f75e48b772d24d6563eb836c4e497f8b1867bcd1f1c73457edf7?s=96&d=mm&r=g\",\"contentUrl\":\"https:\/\/secure.gravatar.com\/avatar\/c21f8630c816f75e48b772d24d6563eb836c4e497f8b1867bcd1f1c73457edf7?s=96&d=mm&r=g\",\"caption\":\"Secci\u00f3n Sindical UGT\"},\"url\":\"https:\/\/www.ugttec.es\/index.php\/author\/joaquin\/\"}]}<\/script>\n<!-- \/ Yoast SEO plugin. -->","yoast_head_json":{"title":"Inicio de la negociaci\u00f3n de XXI Convenio Sectorial de Ingenier\u00eda - La web de la Secci\u00f3n Sindical de la UGT en Tragsatec","description":"El pasado\u00a0d\u00eda 20 de diciembre se constituy\u00f3 la Mesa de Negociaci\u00f3n\u00a0del que ser\u00e1 el\u00a0XXI Convenio Sectorial de empresas de Ingenier\u00eda, Oficinas de Estudios T\u00e9cnicos, Inspecci\u00f3n, Supervisi\u00f3n y Control T\u00e9cnico y de Calidad,\u00a0nuestro convenio colectivo de referencia que desarrolla el Acuerdo de Homologaci\u00f3n.\u00a0","robots":{"index":"index","follow":"follow","max-snippet":"max-snippet:-1","max-image-preview":"max-image-preview:large","max-video-preview":"max-video-preview:-1"},"canonical":"https:\/\/www.ugttec.es\/index.php\/2025\/02\/13\/inicio-de-la-negociacion-de-xxi-convenio-sectorial-de-ingenieria\/","og_locale":"es_ES","og_type":"article","og_title":"Inicio de la negociaci\u00f3n de XXI Convenio Sectorial de Ingenier\u00eda","og_description":"CC Ingenier\u00eda","og_url":"https:\/\/www.ugttec.es\/index.php\/2025\/02\/13\/inicio-de-la-negociacion-de-xxi-convenio-sectorial-de-ingenieria\/","og_site_name":"La web de la Secci\u00f3n Sindical de la UGT en Tragsatec","article_published_time":"2025-02-13T23:23:39+00:00","article_modified_time":"2025-02-13T23:24:48+00:00","og_image":[{"width":1020,"height":664,"url":"https:\/\/www.ugttec.es\/wp-content\/uploads\/2025\/02\/Designer-10-e1739487809488.jpeg","type":"image\/jpeg"}],"author":"Secci\u00f3n Sindical UGT","twitter_card":"summary_large_image","twitter_misc":{"Escrito por":"Secci\u00f3n Sindical UGT","Tiempo de lectura":"1 minuto"},"schema":{"@context":"https:\/\/schema.org","@graph":[{"@type":"Article","@id":"https:\/\/www.ugttec.es\/index.php\/2025\/02\/13\/inicio-de-la-negociacion-de-xxi-convenio-sectorial-de-ingenieria\/#article","isPartOf":{"@id":"https:\/\/www.ugttec.es\/index.php\/2025\/02\/13\/inicio-de-la-negociacion-de-xxi-convenio-sectorial-de-ingenieria\/"},"author":{"name":"Secci\u00f3n Sindical UGT","@id":"https:\/\/www.ugttec.es\/#\/schema\/person\/25f9af2919d3d619eadece2afe7f05d5"},"headline":"Inicio de la negociaci\u00f3n de XXI Convenio Sectorial de Ingenier\u00eda","datePublished":"2025-02-13T23:23:39+00:00","dateModified":"2025-02-13T23:24:48+00:00","mainEntityOfPage":{"@id":"https:\/\/www.ugttec.es\/index.php\/2025\/02\/13\/inicio-de-la-negociacion-de-xxi-convenio-sectorial-de-ingenieria\/"},"wordCount":169,"commentCount":0,"publisher":{"@id":"https:\/\/www.ugttec.es\/#organization"},"image":{"@id":"https:\/\/www.ugttec.es\/index.php\/2025\/02\/13\/inicio-de-la-negociacion-de-xxi-convenio-sectorial-de-ingenieria\/#primaryimage"},"thumbnailUrl":"https:\/\/www.ugttec.es\/wp-content\/uploads\/2025\/02\/Designer-10-e1739487809488.jpeg","articleSection":["CC Ingenier\u00eda"],"inLanguage":"es","potentialAction":[{"@type":"CommentAction","name":"Comment","target":["https:\/\/www.ugttec.es\/index.php\/2025\/02\/13\/inicio-de-la-negociacion-de-xxi-convenio-sectorial-de-ingenieria\/#respond"]}]},{"@type":"WebPage","@id":"https:\/\/www.ugttec.es\/index.php\/2025\/02\/13\/inicio-de-la-negociacion-de-xxi-convenio-sectorial-de-ingenieria\/","url":"https:\/\/www.ugttec.es\/index.php\/2025\/02\/13\/inicio-de-la-negociacion-de-xxi-convenio-sectorial-de-ingenieria\/","name":"Inicio de la negociaci\u00f3n de XXI Convenio Sectorial de Ingenier\u00eda - La web de la Secci\u00f3n Sindical de la UGT en Tragsatec","isPartOf":{"@id":"https:\/\/www.ugttec.es\/#website"},"primaryImageOfPage":{"@id":"https:\/\/www.ugttec.es\/index.php\/2025\/02\/13\/inicio-de-la-negociacion-de-xxi-convenio-sectorial-de-ingenieria\/#primaryimage"},"image":{"@id":"https:\/\/www.ugttec.es\/index.php\/2025\/02\/13\/inicio-de-la-negociacion-de-xxi-convenio-sectorial-de-ingenieria\/#primaryimage"},"thumbnailUrl":"https:\/\/www.ugttec.es\/wp-content\/uploads\/2025\/02\/Designer-10-e1739487809488.jpeg","datePublished":"2025-02-13T23:23:39+00:00","dateModified":"2025-02-13T23:24:48+00:00","description":"El pasado\u00a0d\u00eda 20 de diciembre se constituy\u00f3 la Mesa de Negociaci\u00f3n\u00a0del que ser\u00e1 el\u00a0XXI Convenio Sectorial de empresas de Ingenier\u00eda, Oficinas de Estudios T\u00e9cnicos, Inspecci\u00f3n, Supervisi\u00f3n y Control T\u00e9cnico y de Calidad,\u00a0nuestro convenio colectivo de referencia que desarrolla el Acuerdo de Homologaci\u00f3n.\u00a0","breadcrumb":{"@id":"https:\/\/www.ugttec.es\/index.php\/2025\/02\/13\/inicio-de-la-negociacion-de-xxi-convenio-sectorial-de-ingenieria\/#breadcrumb"},"inLanguage":"es","potentialAction":[{"@type":"ReadAction","target":["https:\/\/www.ugttec.es\/index.php\/2025\/02\/13\/inicio-de-la-negociacion-de-xxi-convenio-sectorial-de-ingenieria\/"]}]},{"@type":"ImageObject","inLanguage":"es","@id":"https:\/\/www.ugttec.es\/index.php\/2025\/02\/13\/inicio-de-la-negociacion-de-xxi-convenio-sectorial-de-ingenieria\/#primaryimage","url":"https:\/\/www.ugttec.es\/wp-content\/uploads\/2025\/02\/Designer-10-e1739487809488.jpeg","contentUrl":"https:\/\/www.ugttec.es\/wp-content\/uploads\/2025\/02\/Designer-10-e1739487809488.jpeg","width":1020,"height":664},{"@type":"BreadcrumbList","@id":"https:\/\/www.ugttec.es\/index.php\/2025\/02\/13\/inicio-de-la-negociacion-de-xxi-convenio-sectorial-de-ingenieria\/#breadcrumb","itemListElement":[{"@type":"ListItem","position":1,"name":"Portada","item":"https:\/\/www.ugttec.es\/"},{"@type":"ListItem","position":2,"name":"Inicio de la negociaci\u00f3n de XXI Convenio Sectorial de Ingenier\u00eda"}]},{"@type":"WebSite","@id":"https:\/\/www.ugttec.es\/#website","url":"https:\/\/www.ugttec.es\/","name":"La web de la Secci\u00f3n Sindical de la UGT en Tragsatec","description":"","publisher":{"@id":"https:\/\/www.ugttec.es\/#organization"},"potentialAction":[{"@type":"SearchAction","target":{"@type":"EntryPoint","urlTemplate":"https:\/\/www.ugttec.es\/?s={search_term_string}"},"query-input":{"@type":"PropertyValueSpecification","valueRequired":true,"valueName":"search_term_string"}}],"inLanguage":"es"},{"@type":"Organization","@id":"https:\/\/www.ugttec.es\/#organization","name":"Secci\u00f3n Sindical de la UGT en Tragsatec","url":"https:\/\/www.ugttec.es\/","logo":{"@type":"ImageObject","inLanguage":"es","@id":"https:\/\/www.ugttec.es\/#\/schema\/logo\/image\/","url":"https:\/\/www.ugttec.es\/wp-content\/uploads\/2023\/05\/cropped-mancheta-sin-fondo.png","contentUrl":"https:\/\/www.ugttec.es\/wp-content\/uploads\/2023\/05\/cropped-mancheta-sin-fondo.png","width":771,"height":232,"caption":"Secci\u00f3n Sindical de la UGT en Tragsatec"},"image":{"@id":"https:\/\/www.ugttec.es\/#\/schema\/logo\/image\/"},"sameAs":["https:\/\/whatsapp.com\/channel\/0029Vb41KFyChq6V4F7cqU0n"]},{"@type":"Person","@id":"https:\/\/www.ugttec.es\/#\/schema\/person\/25f9af2919d3d619eadece2afe7f05d5","name":"Secci\u00f3n Sindical UGT","image":{"@type":"ImageObject","inLanguage":"es","@id":"https:\/\/www.ugttec.es\/#\/schema\/person\/image\/","url":"https:\/\/secure.gravatar.com\/avatar\/c21f8630c816f75e48b772d24d6563eb836c4e497f8b1867bcd1f1c73457edf7?s=96&d=mm&r=g","contentUrl":"https:\/\/secure.gravatar.com\/avatar\/c21f8630c816f75e48b772d24d6563eb836c4e497f8b1867bcd1f1c73457edf7?s=96&d=mm&r=g","caption":"Secci\u00f3n Sindical UGT"},"url":"https:\/\/www.ugttec.es\/index.php\/author\/joaquin\/"}]}},"_links":{"self":[{"href":"https:\/\/www.ugttec.es\/index.php\/wp-json\/wp\/v2\/posts\/297","targetHints":{"allow":["GET"]}}],"collection":[{"href":"https:\/\/www.ugttec.es\/index.php\/wp-json\/wp\/v2\/posts"}],"about":[{"href":"https:\/\/www.ugttec.es\/index.php\/wp-json\/wp\/v2\/types\/post"}],"author":[{"embeddable":true,"href":"https:\/\/www.ugttec.es\/index.php\/wp-json\/wp\/v2\/users\/4"}],"replies":[{"embeddable":true,"href":"https:\/\/www.ugttec.es\/index.php\/wp-json\/wp\/v2\/comments?post=297"}],"version-history":[{"count":11,"href":"https:\/\/www.ugttec.es\/index.php\/wp-json\/wp\/v2\/posts\/297\/revisions"}],"predecessor-version":[{"id":309,"href":"https:\/\/www.ugttec.es\/index.php\/wp-json\/wp\/v2\/posts\/297\/revisions\/309"}],"wp:featuredmedia":[{"embeddable":true,"href":"https:\/\/www.ugttec.es\/index.php\/wp-json\/wp\/v2\/media\/298"}],"wp:attachment":[{"href":"https:\/\/www.ugttec.es\/index.php\/wp-json\/wp\/v2\/media?parent=297"}],"wp:term":[{"taxonomy":"category","embeddable":true,"href":"https:\/\/www.ugttec.es\/index.php\/wp-json\/wp\/v2\/categories?post=297"},{"taxonomy":"post_tag","embeddable":true,"href":"https:\/\/www.ugttec.es\/index.php\/wp-json\/wp\/v2\/tags?post=297"}],"curies":[{"name":"wp","href":"https:\/\/api.w.org\/{rel}","templated":true}]}}