{"id":345,"date":"2025-04-04T11:47:31","date_gmt":"2025-04-04T11:47:31","guid":{"rendered":"https:\/\/www.ugttec.es\/?p=345"},"modified":"2025-04-04T11:47:32","modified_gmt":"2025-04-04T11:47:32","slug":"nueva-reunion-de-negociacion-para-la-actualizacion-del-acuerdo-de-homologacion-2","status":"publish","type":"post","link":"https:\/\/www.ugttec.es\/index.php\/2025\/04\/04\/nueva-reunion-de-negociacion-para-la-actualizacion-del-acuerdo-de-homologacion-2\/","title":{"rendered":"Nueva reuni\u00f3n de negociaci\u00f3n para la actualizaci\u00f3n del Acuerdo de Homologaci\u00f3n"},"content":{"rendered":"\n<p>El <strong>pr\u00f3ximo d\u00eda 8 de abril<\/strong> se mantendr\u00e1 una nueva reuni\u00f3n de negociaci\u00f3n del Acuerdo de Homologaci\u00f3n en el que se tratar\u00e1n los siguientes asuntos:<\/p>\n\n\n\n<ul class=\"wp-block-list\">\n<li><mark style=\"background-color:rgba(0, 0, 0, 0)\" class=\"has-inline-color has-vivid-red-color\">SELECCI\u00d3N, CONTRATACI\u00d3N, PROVISI\u00d3N DE PUESTOS, SELECCI\u00d3N INTERNA, COBERTURA DE VACANTES<\/mark><\/li>\n\n\n\n<li><mark style=\"background-color:rgba(0, 0, 0, 0)\" class=\"has-inline-color has-vivid-red-color\">PROCESOS DE ESTABILIZACI\u00d3N\/ REPOSICI\u00d3N DE PUESTOS.<\/mark><\/li>\n\n\n\n<li><mark style=\"background-color:rgba(0, 0, 0, 0)\" class=\"has-inline-color has-vivid-red-color\">PROMOCI\u00d3N INTERNA.<\/mark><\/li>\n<\/ul>\n\n\n\n<p>En el <strong><mark style=\"background-color:#cf2e2e\" class=\"has-inline-color has-white-color\">documento adjunto<\/mark><\/strong><mark style=\"background-color:rgba(0, 0, 0, 0)\" class=\"has-inline-color has-white-color\"> <\/mark>os resumimos los puntos que llevaremos a esta reuni\u00f3n y que forman parte de nuestra plataforma reivindicativa en materia de <strong>SELECCI\u00d3N, ESTABILIZACI\u00d3N Y PROMOCI\u00d3N INTERNA<\/strong>.<\/p>\n\n\n\n<div class=\"wp-block-buttons is-content-justification-center is-layout-flex wp-container-core-buttons-is-layout-a89b3969 wp-block-buttons-is-layout-flex\">\n<div class=\"wp-block-button is-style-fill\"><a class=\"wp-block-button__link has-vivid-red-background-color has-background wp-element-button\" href=\"https:\/\/drive.google.com\/file\/d\/1diW9SLn2xcj4Fwh0LBT4hV6Vl1iReyH2\/view?usp=sharing\">Informa de la propuesta de UGT<\/a><\/div>\n<\/div>\n\n\n\n<p class=\"has-text-align-center has-vivid-red-color has-text-color has-link-color wp-elements-4a526c12d2615bdda223a52f885f9e69\"><strong>\u00a1\u00a1\u00a1 UGT CONSTRUIMOS LA TRAGSATEC DEL FUTURO!!!<\/strong><strong><\/strong><\/p>\n\n\n\n<div class=\"wp-block-buttons is-content-justification-center is-layout-flex wp-container-core-buttons-is-layout-a89b3969 wp-block-buttons-is-layout-flex\">\n<div class=\"wp-block-button\"><a class=\"wp-block-button__link has-vivid-green-cyan-background-color has-background wp-element-button\" href=\"https:\/\/whatsapp.com\/channel\/0029Vb41KFyChq6V4F7cqU0n\">Sigue nuestro canal de WhatsApp<\/a><\/div>\n<\/div>\n\n\n\n<p><\/p>\n","protected":false},"excerpt":{"rendered":"<p>El pr\u00f3ximo d\u00eda 8 de abril se mantendr\u00e1 una nueva reuni\u00f3n de negociaci\u00f3n del Acuerdo de Homologaci\u00f3n en el que se tratar\u00e1n los siguientes asuntos:<br \/>\nSELECCI\u00d3N, CONTRATACI\u00d3N, PROVISI\u00d3N DE PUESTOS, SELECCI\u00d3N INTERNA, COBERTURA DE VACANTES<br \/>\nPROCESOS DE ESTABILIZACI\u00d3N\/ REPOSICI\u00d3N DE PUESTOS.<br \/>\nPROMOCI\u00d3N INTERNA.<\/p>\n","protected":false},"author":3,"featured_media":243,"comment_status":"open","ping_status":"open","sticky":false,"template":"","format":"standard","meta":{"footnotes":""},"categories":[17],"tags":[24,32],"class_list":["post-345","post","type-post","status-publish","format-standard","has-post-thumbnail","hentry","category-acuerdo-de-homologacion","tag-homolagacion","tag-negociacion"],"yoast_head":"<!-- This site is optimized with the Yoast SEO plugin v26.8 - https:\/\/yoast.com\/product\/yoast-seo-wordpress\/ -->\n<title>Nueva reuni\u00f3n de negociaci\u00f3n para la actualizaci\u00f3n del Acuerdo de Homologaci\u00f3n - La web de la Secci\u00f3n Sindical de la UGT en Tragsatec<\/title>\n<meta name=\"description\" content=\"El pr\u00f3ximo d\u00eda 8 de abril se mantendr\u00e1 una nueva reuni\u00f3n de negociaci\u00f3n del Acuerdo de Homologaci\u00f3n en el que se tratar\u00e1n los siguientes asuntos: SELECCI\u00d3N, CONTRATACI\u00d3N, PROVISI\u00d3N DE PUESTOS, SELECCI\u00d3N INTERNA, COBERTURA DE VACANTES; PROCESOS DE ESTABILIZACI\u00d3N\/ REPOSICI\u00d3N DE PUESTOS; PROMOCI\u00d3N INTERNA.\" \/>\n<meta name=\"robots\" content=\"index, follow, max-snippet:-1, max-image-preview:large, max-video-preview:-1\" \/>\n<link rel=\"canonical\" href=\"https:\/\/www.ugttec.es\/index.php\/2025\/04\/04\/nueva-reunion-de-negociacion-para-la-actualizacion-del-acuerdo-de-homologacion-2\/\" \/>\n<meta property=\"og:locale\" content=\"es_ES\" \/>\n<meta property=\"og:type\" content=\"article\" \/>\n<meta property=\"og:title\" content=\"Nueva reuni\u00f3n de negociaci\u00f3n para la actualizaci\u00f3n del Acuerdo de Homologaci\u00f3n\" \/>\n<meta property=\"og:description\" content=\"El pr\u00f3ximo d\u00eda 8 de abril se mantendr\u00e1 una nueva reuni\u00f3n de negociaci\u00f3n del Acuerdo de Homologaci\u00f3n en el que se tratar\u00e1n los siguientes asuntos:\" \/>\n<meta property=\"og:url\" content=\"https:\/\/www.ugttec.es\/index.php\/2025\/04\/04\/nueva-reunion-de-negociacion-para-la-actualizacion-del-acuerdo-de-homologacion-2\/\" \/>\n<meta property=\"og:site_name\" content=\"La web de la Secci\u00f3n Sindical de la UGT en Tragsatec\" \/>\n<meta property=\"article:published_time\" content=\"2025-04-04T11:47:31+00:00\" \/>\n<meta property=\"article:modified_time\" content=\"2025-04-04T11:47:32+00:00\" \/>\n<meta property=\"og:image\" content=\"https:\/\/www.ugttec.es\/wp-content\/uploads\/2025\/01\/ACUERDO-HOMOLOGACION-2.jpg\" \/>\n\t<meta property=\"og:image:width\" content=\"2067\" \/>\n\t<meta property=\"og:image:height\" content=\"1029\" \/>\n\t<meta property=\"og:image:type\" content=\"image\/jpeg\" \/>\n<meta name=\"author\" content=\"Secci\u00f3n Sindical UGT Madrid\" \/>\n<meta name=\"twitter:card\" content=\"summary_large_image\" \/>\n<meta name=\"twitter:label1\" content=\"Escrito por\" \/>\n\t<meta name=\"twitter:data1\" content=\"Secci\u00f3n Sindical UGT Madrid\" \/>\n\t<meta name=\"twitter:label2\" content=\"Tiempo de lectura\" \/>\n\t<meta name=\"twitter:data2\" content=\"1 minuto\" \/>\n<script type=\"application\/ld+json\" class=\"yoast-schema-graph\">{\"@context\":\"https:\/\/schema.org\",\"@graph\":[{\"@type\":\"Article\",\"@id\":\"https:\/\/www.ugttec.es\/index.php\/2025\/04\/04\/nueva-reunion-de-negociacion-para-la-actualizacion-del-acuerdo-de-homologacion-2\/#article\",\"isPartOf\":{\"@id\":\"https:\/\/www.ugttec.es\/index.php\/2025\/04\/04\/nueva-reunion-de-negociacion-para-la-actualizacion-del-acuerdo-de-homologacion-2\/\"},\"author\":{\"name\":\"Secci\u00f3n Sindical UGT Madrid\",\"@id\":\"https:\/\/www.ugttec.es\/#\/schema\/person\/95529a5fea60b66562160635bc983c80\"},\"headline\":\"Nueva reuni\u00f3n de negociaci\u00f3n para la actualizaci\u00f3n del Acuerdo de Homologaci\u00f3n\",\"datePublished\":\"2025-04-04T11:47:31+00:00\",\"dateModified\":\"2025-04-04T11:47:32+00:00\",\"mainEntityOfPage\":{\"@id\":\"https:\/\/www.ugttec.es\/index.php\/2025\/04\/04\/nueva-reunion-de-negociacion-para-la-actualizacion-del-acuerdo-de-homologacion-2\/\"},\"wordCount\":120,\"commentCount\":0,\"publisher\":{\"@id\":\"https:\/\/www.ugttec.es\/#organization\"},\"image\":{\"@id\":\"https:\/\/www.ugttec.es\/index.php\/2025\/04\/04\/nueva-reunion-de-negociacion-para-la-actualizacion-del-acuerdo-de-homologacion-2\/#primaryimage\"},\"thumbnailUrl\":\"https:\/\/www.ugttec.es\/wp-content\/uploads\/2025\/01\/ACUERDO-HOMOLOGACION-e1737853157701.jpg\",\"keywords\":[\"Homolagaci\u00f3n\",\"negociacion\"],\"articleSection\":[\"Acuerdo de Homologaci\u00f3n\"],\"inLanguage\":\"es\",\"potentialAction\":[{\"@type\":\"CommentAction\",\"name\":\"Comment\",\"target\":[\"https:\/\/www.ugttec.es\/index.php\/2025\/04\/04\/nueva-reunion-de-negociacion-para-la-actualizacion-del-acuerdo-de-homologacion-2\/#respond\"]}]},{\"@type\":\"WebPage\",\"@id\":\"https:\/\/www.ugttec.es\/index.php\/2025\/04\/04\/nueva-reunion-de-negociacion-para-la-actualizacion-del-acuerdo-de-homologacion-2\/\",\"url\":\"https:\/\/www.ugttec.es\/index.php\/2025\/04\/04\/nueva-reunion-de-negociacion-para-la-actualizacion-del-acuerdo-de-homologacion-2\/\",\"name\":\"Nueva reuni\u00f3n de negociaci\u00f3n para la actualizaci\u00f3n del Acuerdo de Homologaci\u00f3n - La web de la Secci\u00f3n Sindical de la UGT en Tragsatec\",\"isPartOf\":{\"@id\":\"https:\/\/www.ugttec.es\/#website\"},\"primaryImageOfPage\":{\"@id\":\"https:\/\/www.ugttec.es\/index.php\/2025\/04\/04\/nueva-reunion-de-negociacion-para-la-actualizacion-del-acuerdo-de-homologacion-2\/#primaryimage\"},\"image\":{\"@id\":\"https:\/\/www.ugttec.es\/index.php\/2025\/04\/04\/nueva-reunion-de-negociacion-para-la-actualizacion-del-acuerdo-de-homologacion-2\/#primaryimage\"},\"thumbnailUrl\":\"https:\/\/www.ugttec.es\/wp-content\/uploads\/2025\/01\/ACUERDO-HOMOLOGACION-e1737853157701.jpg\",\"datePublished\":\"2025-04-04T11:47:31+00:00\",\"dateModified\":\"2025-04-04T11:47:32+00:00\",\"description\":\"El pr\u00f3ximo d\u00eda 8 de abril se mantendr\u00e1 una nueva reuni\u00f3n de negociaci\u00f3n del Acuerdo de Homologaci\u00f3n en el que se tratar\u00e1n los siguientes asuntos: SELECCI\u00d3N, CONTRATACI\u00d3N, PROVISI\u00d3N DE PUESTOS, SELECCI\u00d3N INTERNA, COBERTURA DE VACANTES; PROCESOS DE ESTABILIZACI\u00d3N\/ REPOSICI\u00d3N DE PUESTOS; PROMOCI\u00d3N INTERNA.\",\"breadcrumb\":{\"@id\":\"https:\/\/www.ugttec.es\/index.php\/2025\/04\/04\/nueva-reunion-de-negociacion-para-la-actualizacion-del-acuerdo-de-homologacion-2\/#breadcrumb\"},\"inLanguage\":\"es\",\"potentialAction\":[{\"@type\":\"ReadAction\",\"target\":[\"https:\/\/www.ugttec.es\/index.php\/2025\/04\/04\/nueva-reunion-de-negociacion-para-la-actualizacion-del-acuerdo-de-homologacion-2\/\"]}]},{\"@type\":\"ImageObject\",\"inLanguage\":\"es\",\"@id\":\"https:\/\/www.ugttec.es\/index.php\/2025\/04\/04\/nueva-reunion-de-negociacion-para-la-actualizacion-del-acuerdo-de-homologacion-2\/#primaryimage\",\"url\":\"https:\/\/www.ugttec.es\/wp-content\/uploads\/2025\/01\/ACUERDO-HOMOLOGACION-e1737853157701.jpg\",\"contentUrl\":\"https:\/\/www.ugttec.es\/wp-content\/uploads\/2025\/01\/ACUERDO-HOMOLOGACION-e1737853157701.jpg\",\"width\":500,\"height\":499,\"caption\":\"Acuerdo de Homologaci\u00f3n.Reuni\u00f3n de negociaci\u00f3n del 18\/2\/2025\"},{\"@type\":\"BreadcrumbList\",\"@id\":\"https:\/\/www.ugttec.es\/index.php\/2025\/04\/04\/nueva-reunion-de-negociacion-para-la-actualizacion-del-acuerdo-de-homologacion-2\/#breadcrumb\",\"itemListElement\":[{\"@type\":\"ListItem\",\"position\":1,\"name\":\"Portada\",\"item\":\"https:\/\/www.ugttec.es\/\"},{\"@type\":\"ListItem\",\"position\":2,\"name\":\"Nueva reuni\u00f3n de negociaci\u00f3n para la actualizaci\u00f3n del Acuerdo de Homologaci\u00f3n\"}]},{\"@type\":\"WebSite\",\"@id\":\"https:\/\/www.ugttec.es\/#website\",\"url\":\"https:\/\/www.ugttec.es\/\",\"name\":\"La web de la Secci\u00f3n Sindical de la UGT en Tragsatec\",\"description\":\"\",\"publisher\":{\"@id\":\"https:\/\/www.ugttec.es\/#organization\"},\"potentialAction\":[{\"@type\":\"SearchAction\",\"target\":{\"@type\":\"EntryPoint\",\"urlTemplate\":\"https:\/\/www.ugttec.es\/?s={search_term_string}\"},\"query-input\":{\"@type\":\"PropertyValueSpecification\",\"valueRequired\":true,\"valueName\":\"search_term_string\"}}],\"inLanguage\":\"es\"},{\"@type\":\"Organization\",\"@id\":\"https:\/\/www.ugttec.es\/#organization\",\"name\":\"Secci\u00f3n Sindical de la UGT en Tragsatec\",\"url\":\"https:\/\/www.ugttec.es\/\",\"logo\":{\"@type\":\"ImageObject\",\"inLanguage\":\"es\",\"@id\":\"https:\/\/www.ugttec.es\/#\/schema\/logo\/image\/\",\"url\":\"https:\/\/www.ugttec.es\/wp-content\/uploads\/2023\/05\/cropped-mancheta-sin-fondo.png\",\"contentUrl\":\"https:\/\/www.ugttec.es\/wp-content\/uploads\/2023\/05\/cropped-mancheta-sin-fondo.png\",\"width\":771,\"height\":232,\"caption\":\"Secci\u00f3n Sindical de la UGT en Tragsatec\"},\"image\":{\"@id\":\"https:\/\/www.ugttec.es\/#\/schema\/logo\/image\/\"},\"sameAs\":[\"https:\/\/whatsapp.com\/channel\/0029Vb41KFyChq6V4F7cqU0n\"]},{\"@type\":\"Person\",\"@id\":\"https:\/\/www.ugttec.es\/#\/schema\/person\/95529a5fea60b66562160635bc983c80\",\"name\":\"Secci\u00f3n Sindical UGT Madrid\",\"image\":{\"@type\":\"ImageObject\",\"inLanguage\":\"es\",\"@id\":\"https:\/\/www.ugttec.es\/#\/schema\/person\/image\/\",\"url\":\"https:\/\/secure.gravatar.com\/avatar\/272d34ee6577d78be3fce0b14017e522a6f0af4edddf42b92d6e1bb3dd07da02?s=96&d=mm&r=g\",\"contentUrl\":\"https:\/\/secure.gravatar.com\/avatar\/272d34ee6577d78be3fce0b14017e522a6f0af4edddf42b92d6e1bb3dd07da02?s=96&d=mm&r=g\",\"caption\":\"Secci\u00f3n Sindical UGT Madrid\"},\"url\":\"https:\/\/www.ugttec.es\/index.php\/author\/jvff\/\"}]}<\/script>\n<!-- \/ Yoast SEO plugin. -->","yoast_head_json":{"title":"Nueva reuni\u00f3n de negociaci\u00f3n para la actualizaci\u00f3n del Acuerdo de Homologaci\u00f3n - La web de la Secci\u00f3n Sindical de la UGT en Tragsatec","description":"El pr\u00f3ximo d\u00eda 8 de abril se mantendr\u00e1 una nueva reuni\u00f3n de negociaci\u00f3n del Acuerdo de Homologaci\u00f3n en el que se tratar\u00e1n los siguientes asuntos: SELECCI\u00d3N, CONTRATACI\u00d3N, PROVISI\u00d3N DE PUESTOS, SELECCI\u00d3N INTERNA, COBERTURA DE VACANTES; PROCESOS DE ESTABILIZACI\u00d3N\/ REPOSICI\u00d3N DE PUESTOS; PROMOCI\u00d3N INTERNA.","robots":{"index":"index","follow":"follow","max-snippet":"max-snippet:-1","max-image-preview":"max-image-preview:large","max-video-preview":"max-video-preview:-1"},"canonical":"https:\/\/www.ugttec.es\/index.php\/2025\/04\/04\/nueva-reunion-de-negociacion-para-la-actualizacion-del-acuerdo-de-homologacion-2\/","og_locale":"es_ES","og_type":"article","og_title":"Nueva reuni\u00f3n de negociaci\u00f3n para la actualizaci\u00f3n del Acuerdo de Homologaci\u00f3n","og_description":"El pr\u00f3ximo d\u00eda 8 de abril se mantendr\u00e1 una nueva reuni\u00f3n de negociaci\u00f3n del Acuerdo de Homologaci\u00f3n en el que se tratar\u00e1n los siguientes asuntos:","og_url":"https:\/\/www.ugttec.es\/index.php\/2025\/04\/04\/nueva-reunion-de-negociacion-para-la-actualizacion-del-acuerdo-de-homologacion-2\/","og_site_name":"La web de la Secci\u00f3n Sindical de la UGT en Tragsatec","article_published_time":"2025-04-04T11:47:31+00:00","article_modified_time":"2025-04-04T11:47:32+00:00","og_image":[{"width":2067,"height":1029,"url":"https:\/\/www.ugttec.es\/wp-content\/uploads\/2025\/01\/ACUERDO-HOMOLOGACION-2.jpg","type":"image\/jpeg"}],"author":"Secci\u00f3n Sindical UGT Madrid","twitter_card":"summary_large_image","twitter_misc":{"Escrito por":"Secci\u00f3n Sindical UGT Madrid","Tiempo de lectura":"1 minuto"},"schema":{"@context":"https:\/\/schema.org","@graph":[{"@type":"Article","@id":"https:\/\/www.ugttec.es\/index.php\/2025\/04\/04\/nueva-reunion-de-negociacion-para-la-actualizacion-del-acuerdo-de-homologacion-2\/#article","isPartOf":{"@id":"https:\/\/www.ugttec.es\/index.php\/2025\/04\/04\/nueva-reunion-de-negociacion-para-la-actualizacion-del-acuerdo-de-homologacion-2\/"},"author":{"name":"Secci\u00f3n Sindical UGT Madrid","@id":"https:\/\/www.ugttec.es\/#\/schema\/person\/95529a5fea60b66562160635bc983c80"},"headline":"Nueva reuni\u00f3n de negociaci\u00f3n para la actualizaci\u00f3n del Acuerdo de Homologaci\u00f3n","datePublished":"2025-04-04T11:47:31+00:00","dateModified":"2025-04-04T11:47:32+00:00","mainEntityOfPage":{"@id":"https:\/\/www.ugttec.es\/index.php\/2025\/04\/04\/nueva-reunion-de-negociacion-para-la-actualizacion-del-acuerdo-de-homologacion-2\/"},"wordCount":120,"commentCount":0,"publisher":{"@id":"https:\/\/www.ugttec.es\/#organization"},"image":{"@id":"https:\/\/www.ugttec.es\/index.php\/2025\/04\/04\/nueva-reunion-de-negociacion-para-la-actualizacion-del-acuerdo-de-homologacion-2\/#primaryimage"},"thumbnailUrl":"https:\/\/www.ugttec.es\/wp-content\/uploads\/2025\/01\/ACUERDO-HOMOLOGACION-e1737853157701.jpg","keywords":["Homolagaci\u00f3n","negociacion"],"articleSection":["Acuerdo de Homologaci\u00f3n"],"inLanguage":"es","potentialAction":[{"@type":"CommentAction","name":"Comment","target":["https:\/\/www.ugttec.es\/index.php\/2025\/04\/04\/nueva-reunion-de-negociacion-para-la-actualizacion-del-acuerdo-de-homologacion-2\/#respond"]}]},{"@type":"WebPage","@id":"https:\/\/www.ugttec.es\/index.php\/2025\/04\/04\/nueva-reunion-de-negociacion-para-la-actualizacion-del-acuerdo-de-homologacion-2\/","url":"https:\/\/www.ugttec.es\/index.php\/2025\/04\/04\/nueva-reunion-de-negociacion-para-la-actualizacion-del-acuerdo-de-homologacion-2\/","name":"Nueva reuni\u00f3n de negociaci\u00f3n para la actualizaci\u00f3n del Acuerdo de Homologaci\u00f3n - La web de la Secci\u00f3n Sindical de la UGT en Tragsatec","isPartOf":{"@id":"https:\/\/www.ugttec.es\/#website"},"primaryImageOfPage":{"@id":"https:\/\/www.ugttec.es\/index.php\/2025\/04\/04\/nueva-reunion-de-negociacion-para-la-actualizacion-del-acuerdo-de-homologacion-2\/#primaryimage"},"image":{"@id":"https:\/\/www.ugttec.es\/index.php\/2025\/04\/04\/nueva-reunion-de-negociacion-para-la-actualizacion-del-acuerdo-de-homologacion-2\/#primaryimage"},"thumbnailUrl":"https:\/\/www.ugttec.es\/wp-content\/uploads\/2025\/01\/ACUERDO-HOMOLOGACION-e1737853157701.jpg","datePublished":"2025-04-04T11:47:31+00:00","dateModified":"2025-04-04T11:47:32+00:00","description":"El pr\u00f3ximo d\u00eda 8 de abril se mantendr\u00e1 una nueva reuni\u00f3n de negociaci\u00f3n del Acuerdo de Homologaci\u00f3n en el que se tratar\u00e1n los siguientes asuntos: SELECCI\u00d3N, CONTRATACI\u00d3N, PROVISI\u00d3N DE PUESTOS, SELECCI\u00d3N INTERNA, COBERTURA DE VACANTES; PROCESOS DE ESTABILIZACI\u00d3N\/ REPOSICI\u00d3N DE PUESTOS; PROMOCI\u00d3N INTERNA.","breadcrumb":{"@id":"https:\/\/www.ugttec.es\/index.php\/2025\/04\/04\/nueva-reunion-de-negociacion-para-la-actualizacion-del-acuerdo-de-homologacion-2\/#breadcrumb"},"inLanguage":"es","potentialAction":[{"@type":"ReadAction","target":["https:\/\/www.ugttec.es\/index.php\/2025\/04\/04\/nueva-reunion-de-negociacion-para-la-actualizacion-del-acuerdo-de-homologacion-2\/"]}]},{"@type":"ImageObject","inLanguage":"es","@id":"https:\/\/www.ugttec.es\/index.php\/2025\/04\/04\/nueva-reunion-de-negociacion-para-la-actualizacion-del-acuerdo-de-homologacion-2\/#primaryimage","url":"https:\/\/www.ugttec.es\/wp-content\/uploads\/2025\/01\/ACUERDO-HOMOLOGACION-e1737853157701.jpg","contentUrl":"https:\/\/www.ugttec.es\/wp-content\/uploads\/2025\/01\/ACUERDO-HOMOLOGACION-e1737853157701.jpg","width":500,"height":499,"caption":"Acuerdo de Homologaci\u00f3n.Reuni\u00f3n de negociaci\u00f3n del 18\/2\/2025"},{"@type":"BreadcrumbList","@id":"https:\/\/www.ugttec.es\/index.php\/2025\/04\/04\/nueva-reunion-de-negociacion-para-la-actualizacion-del-acuerdo-de-homologacion-2\/#breadcrumb","itemListElement":[{"@type":"ListItem","position":1,"name":"Portada","item":"https:\/\/www.ugttec.es\/"},{"@type":"ListItem","position":2,"name":"Nueva reuni\u00f3n de negociaci\u00f3n para la actualizaci\u00f3n del Acuerdo de Homologaci\u00f3n"}]},{"@type":"WebSite","@id":"https:\/\/www.ugttec.es\/#website","url":"https:\/\/www.ugttec.es\/","name":"La web de la Secci\u00f3n Sindical de la UGT en Tragsatec","description":"","publisher":{"@id":"https:\/\/www.ugttec.es\/#organization"},"potentialAction":[{"@type":"SearchAction","target":{"@type":"EntryPoint","urlTemplate":"https:\/\/www.ugttec.es\/?s={search_term_string}"},"query-input":{"@type":"PropertyValueSpecification","valueRequired":true,"valueName":"search_term_string"}}],"inLanguage":"es"},{"@type":"Organization","@id":"https:\/\/www.ugttec.es\/#organization","name":"Secci\u00f3n Sindical de la UGT en Tragsatec","url":"https:\/\/www.ugttec.es\/","logo":{"@type":"ImageObject","inLanguage":"es","@id":"https:\/\/www.ugttec.es\/#\/schema\/logo\/image\/","url":"https:\/\/www.ugttec.es\/wp-content\/uploads\/2023\/05\/cropped-mancheta-sin-fondo.png","contentUrl":"https:\/\/www.ugttec.es\/wp-content\/uploads\/2023\/05\/cropped-mancheta-sin-fondo.png","width":771,"height":232,"caption":"Secci\u00f3n Sindical de la UGT en Tragsatec"},"image":{"@id":"https:\/\/www.ugttec.es\/#\/schema\/logo\/image\/"},"sameAs":["https:\/\/whatsapp.com\/channel\/0029Vb41KFyChq6V4F7cqU0n"]},{"@type":"Person","@id":"https:\/\/www.ugttec.es\/#\/schema\/person\/95529a5fea60b66562160635bc983c80","name":"Secci\u00f3n Sindical UGT Madrid","image":{"@type":"ImageObject","inLanguage":"es","@id":"https:\/\/www.ugttec.es\/#\/schema\/person\/image\/","url":"https:\/\/secure.gravatar.com\/avatar\/272d34ee6577d78be3fce0b14017e522a6f0af4edddf42b92d6e1bb3dd07da02?s=96&d=mm&r=g","contentUrl":"https:\/\/secure.gravatar.com\/avatar\/272d34ee6577d78be3fce0b14017e522a6f0af4edddf42b92d6e1bb3dd07da02?s=96&d=mm&r=g","caption":"Secci\u00f3n Sindical UGT Madrid"},"url":"https:\/\/www.ugttec.es\/index.php\/author\/jvff\/"}]}},"_links":{"self":[{"href":"https:\/\/www.ugttec.es\/index.php\/wp-json\/wp\/v2\/posts\/345","targetHints":{"allow":["GET"]}}],"collection":[{"href":"https:\/\/www.ugttec.es\/index.php\/wp-json\/wp\/v2\/posts"}],"about":[{"href":"https:\/\/www.ugttec.es\/index.php\/wp-json\/wp\/v2\/types\/post"}],"author":[{"embeddable":true,"href":"https:\/\/www.ugttec.es\/index.php\/wp-json\/wp\/v2\/users\/3"}],"replies":[{"embeddable":true,"href":"https:\/\/www.ugttec.es\/index.php\/wp-json\/wp\/v2\/comments?post=345"}],"version-history":[{"count":1,"href":"https:\/\/www.ugttec.es\/index.php\/wp-json\/wp\/v2\/posts\/345\/revisions"}],"predecessor-version":[{"id":346,"href":"https:\/\/www.ugttec.es\/index.php\/wp-json\/wp\/v2\/posts\/345\/revisions\/346"}],"wp:featuredmedia":[{"embeddable":true,"href":"https:\/\/www.ugttec.es\/index.php\/wp-json\/wp\/v2\/media\/243"}],"wp:attachment":[{"href":"https:\/\/www.ugttec.es\/index.php\/wp-json\/wp\/v2\/media?parent=345"}],"wp:term":[{"taxonomy":"category","embeddable":true,"href":"https:\/\/www.ugttec.es\/index.php\/wp-json\/wp\/v2\/categories?post=345"},{"taxonomy":"post_tag","embeddable":true,"href":"https:\/\/www.ugttec.es\/index.php\/wp-json\/wp\/v2\/tags?post=345"}],"curies":[{"name":"wp","href":"https:\/\/api.w.org\/{rel}","templated":true}]}}