{"id":347,"date":"2025-04-09T08:40:35","date_gmt":"2025-04-09T08:40:35","guid":{"rendered":"https:\/\/www.ugttec.es\/?p=347"},"modified":"2025-04-09T08:40:36","modified_gmt":"2025-04-09T08:40:36","slug":"convenio-de-ingenierias-por-la-estabilidad-en-la-contratacion","status":"publish","type":"post","link":"https:\/\/www.ugttec.es\/index.php\/2025\/04\/09\/convenio-de-ingenierias-por-la-estabilidad-en-la-contratacion\/","title":{"rendered":"CONVENIO DE INGENIER\u00cdAS: POR LA ESTABILIDAD EN LA CONTRATACI\u00d3N"},"content":{"rendered":"\n<p>El 2 de abril ,tuvo lugar una nueva reuni\u00f3n para la negociaci\u00f3n del <strong>convenio colectivo de ingenier\u00edas y oficinas de estudios t\u00e9cnicos<\/strong>. En esta ocasi\u00f3n la tem\u00e1tica fue la relacionada con la contrataci\u00f3n y formaci\u00f3n.<\/p>\n\n\n\n<p>Por parte de <strong><mark style=\"background-color:rgba(0, 0, 0, 0)\" class=\"has-inline-color has-vivid-red-color\">UGT<\/mark><\/strong>, planteamos entre otras las siguientes cuestiones:<\/p>\n\n\n\n<ul class=\"wp-block-list\">\n<li>Rebaja de los periodos de pruebas.<\/li>\n\n\n\n<li>Limitar la edad m\u00e1xima en contratos formativos.<\/li>\n\n\n\n<li>Reconocimiento de la antig\u00fcedad.<\/li>\n\n\n\n<li>Que el contrato indefinido en las empresas sea del 75%.<\/li>\n<\/ul>\n\n\n\n<p>La patronal TECNIBERIA volvi\u00f3 a su conocida din\u00e1mica de <strong>NO A TODO<\/strong>. Se avecina una negociaci\u00f3n plagada de curvas.<\/p>\n\n\n\n<p>La pr\u00f3xima reuni\u00f3n ser\u00e1 el <strong>22 de mayo<\/strong> para continuar con la negociaci\u00f3n.<\/p>\n\n\n\n<p class=\"has-text-align-center\"><strong>\u00a1Puedes leer el informa de la reuni\u00f3n en el siguiente enlace!<\/strong><\/p>\n\n\n\n<div class=\"wp-block-buttons is-content-justification-center is-layout-flex wp-container-core-buttons-is-layout-a89b3969 wp-block-buttons-is-layout-flex\">\n<div class=\"wp-block-button\"><a class=\"wp-block-button__link has-vivid-red-background-color has-background wp-element-button\" href=\"https:\/\/drive.google.com\/file\/d\/1GOL7Jd8MtHmczNyo5X92y1IvooZ42HDq\/view?usp=drive_link\">Informa de la reuni\u00f3n<\/a><\/div>\n<\/div>\n\n\n\n<p class=\"has-text-align-center\"><a href=\"https:\/\/www.fesmcugt.org\/sectores\/oficinas-y-seguros\/noticias\/actualidad\/convenio-colectivo-de-ingenierias-y-oficinas-de-estudios-tecnicos-inspeccion-supervision-y-control-tecnico-y-de-calidad-ugt-por-la-estabilidad-en-el-empleo\">\u00a1Si lo prefieres lo puedes leer desde la web de la FESSMC!<\/a><\/p>\n\n\n\n<p class=\"has-text-align-center\"><strong>\u00a1\u00a1\u00a1 UGT CONSTRUIMOS LA TRAGSATEC DEL FUTURO!!!<\/strong><\/p>\n\n\n\n<div class=\"wp-block-buttons is-content-justification-center is-layout-flex wp-container-core-buttons-is-layout-a89b3969 wp-block-buttons-is-layout-flex\">\n<div class=\"wp-block-button\"><a class=\"wp-block-button__link has-vivid-green-cyan-background-color has-background wp-element-button\" href=\"https:\/\/whatsapp.com\/channel\/0029Vb41KFyChq6V4F7cqU0n\">Sigue nuestro canal de WhatsApp<\/a><\/div>\n<\/div>\n","protected":false},"excerpt":{"rendered":"<p>El 2 de abril ,tuvo lugar una nueva reuni\u00f3n para la negociaci\u00f3n del convenio colectivo de ingenier\u00edas y oficinas de estudios t\u00e9cnicos, con el resultado de NO A TODO.<\/p>\n","protected":false},"author":3,"featured_media":337,"comment_status":"open","ping_status":"open","sticky":false,"template":"","format":"standard","meta":{"footnotes":""},"categories":[18],"tags":[30,33,32],"class_list":["post-347","post","type-post","status-publish","format-standard","has-post-thumbnail","hentry","category-cc-ingenieria","tag-convenio","tag-ingenie","tag-negociacion"],"yoast_head":"<!-- This site is optimized with the Yoast SEO plugin v26.8 - https:\/\/yoast.com\/product\/yoast-seo-wordpress\/ -->\n<title>CONVENIO DE INGENIER\u00cdAS: POR LA ESTABILIDAD EN LA CONTRATACI\u00d3N - La web de la Secci\u00f3n Sindical de la UGT en Tragsatec<\/title>\n<meta name=\"description\" content=\"El 2 de abril ,tuvo lugar una nueva reuni\u00f3n para la negociaci\u00f3n del convenio colectivo de ingenier\u00edas y oficinas de estudios t\u00e9cnicos, con el resultado de NO A TODO.\" \/>\n<meta name=\"robots\" content=\"index, follow, max-snippet:-1, max-image-preview:large, max-video-preview:-1\" \/>\n<link rel=\"canonical\" href=\"https:\/\/www.ugttec.es\/index.php\/2025\/04\/09\/convenio-de-ingenierias-por-la-estabilidad-en-la-contratacion\/\" \/>\n<meta property=\"og:locale\" content=\"es_ES\" \/>\n<meta property=\"og:type\" content=\"article\" \/>\n<meta property=\"og:title\" content=\"CONVENIO DE INGENIER\u00cdAS: POR LA ESTABILIDAD EN LA CONTRATACI\u00d3N\" \/>\n<meta property=\"og:description\" content=\"El 2 de abril ,tuvo lugar una nueva reuni\u00f3n para la negociaci\u00f3n del convenio colectivo de ingenier\u00edas y oficinas de estudios t\u00e9cnicos, con el resultado de NO A TODO.\" \/>\n<meta property=\"og:url\" content=\"https:\/\/www.ugttec.es\/index.php\/2025\/04\/09\/convenio-de-ingenierias-por-la-estabilidad-en-la-contratacion\/\" \/>\n<meta property=\"og:site_name\" content=\"La web de la Secci\u00f3n Sindical de la UGT en Tragsatec\" \/>\n<meta property=\"article:published_time\" content=\"2025-04-09T08:40:35+00:00\" \/>\n<meta property=\"article:modified_time\" content=\"2025-04-09T08:40:36+00:00\" \/>\n<meta property=\"og:image\" content=\"https:\/\/www.ugttec.es\/wp-content\/uploads\/2025\/03\/Designer-e1744187809397.jpeg\" \/>\n\t<meta property=\"og:image:width\" content=\"1024\" \/>\n\t<meta property=\"og:image:height\" content=\"512\" \/>\n\t<meta property=\"og:image:type\" content=\"image\/jpeg\" \/>\n<meta name=\"author\" content=\"Secci\u00f3n Sindical UGT Madrid\" \/>\n<meta name=\"twitter:card\" content=\"summary_large_image\" \/>\n<meta name=\"twitter:label1\" content=\"Escrito por\" \/>\n\t<meta name=\"twitter:data1\" content=\"Secci\u00f3n Sindical UGT Madrid\" \/>\n\t<meta name=\"twitter:label2\" content=\"Tiempo de lectura\" \/>\n\t<meta name=\"twitter:data2\" content=\"1 minuto\" \/>\n<script type=\"application\/ld+json\" class=\"yoast-schema-graph\">{\"@context\":\"https:\/\/schema.org\",\"@graph\":[{\"@type\":\"Article\",\"@id\":\"https:\/\/www.ugttec.es\/index.php\/2025\/04\/09\/convenio-de-ingenierias-por-la-estabilidad-en-la-contratacion\/#article\",\"isPartOf\":{\"@id\":\"https:\/\/www.ugttec.es\/index.php\/2025\/04\/09\/convenio-de-ingenierias-por-la-estabilidad-en-la-contratacion\/\"},\"author\":{\"name\":\"Secci\u00f3n Sindical UGT Madrid\",\"@id\":\"https:\/\/www.ugttec.es\/#\/schema\/person\/95529a5fea60b66562160635bc983c80\"},\"headline\":\"CONVENIO DE INGENIER\u00cdAS: POR LA ESTABILIDAD EN LA CONTRATACI\u00d3N\",\"datePublished\":\"2025-04-09T08:40:35+00:00\",\"dateModified\":\"2025-04-09T08:40:36+00:00\",\"mainEntityOfPage\":{\"@id\":\"https:\/\/www.ugttec.es\/index.php\/2025\/04\/09\/convenio-de-ingenierias-por-la-estabilidad-en-la-contratacion\/\"},\"wordCount\":167,\"commentCount\":0,\"publisher\":{\"@id\":\"https:\/\/www.ugttec.es\/#organization\"},\"image\":{\"@id\":\"https:\/\/www.ugttec.es\/index.php\/2025\/04\/09\/convenio-de-ingenierias-por-la-estabilidad-en-la-contratacion\/#primaryimage\"},\"thumbnailUrl\":\"https:\/\/www.ugttec.es\/wp-content\/uploads\/2025\/03\/Designer-e1744187809397.jpeg\",\"keywords\":[\"convenio\",\"Ingenie\",\"negociacion\"],\"articleSection\":[\"CC Ingenier\u00eda\"],\"inLanguage\":\"es\",\"potentialAction\":[{\"@type\":\"CommentAction\",\"name\":\"Comment\",\"target\":[\"https:\/\/www.ugttec.es\/index.php\/2025\/04\/09\/convenio-de-ingenierias-por-la-estabilidad-en-la-contratacion\/#respond\"]}]},{\"@type\":\"WebPage\",\"@id\":\"https:\/\/www.ugttec.es\/index.php\/2025\/04\/09\/convenio-de-ingenierias-por-la-estabilidad-en-la-contratacion\/\",\"url\":\"https:\/\/www.ugttec.es\/index.php\/2025\/04\/09\/convenio-de-ingenierias-por-la-estabilidad-en-la-contratacion\/\",\"name\":\"CONVENIO DE INGENIER\u00cdAS: POR LA ESTABILIDAD EN LA CONTRATACI\u00d3N - La web de la Secci\u00f3n Sindical de la UGT en Tragsatec\",\"isPartOf\":{\"@id\":\"https:\/\/www.ugttec.es\/#website\"},\"primaryImageOfPage\":{\"@id\":\"https:\/\/www.ugttec.es\/index.php\/2025\/04\/09\/convenio-de-ingenierias-por-la-estabilidad-en-la-contratacion\/#primaryimage\"},\"image\":{\"@id\":\"https:\/\/www.ugttec.es\/index.php\/2025\/04\/09\/convenio-de-ingenierias-por-la-estabilidad-en-la-contratacion\/#primaryimage\"},\"thumbnailUrl\":\"https:\/\/www.ugttec.es\/wp-content\/uploads\/2025\/03\/Designer-e1744187809397.jpeg\",\"datePublished\":\"2025-04-09T08:40:35+00:00\",\"dateModified\":\"2025-04-09T08:40:36+00:00\",\"description\":\"El 2 de abril ,tuvo lugar una nueva reuni\u00f3n para la negociaci\u00f3n del convenio colectivo de ingenier\u00edas y oficinas de estudios t\u00e9cnicos, con el resultado de NO A TODO.\",\"breadcrumb\":{\"@id\":\"https:\/\/www.ugttec.es\/index.php\/2025\/04\/09\/convenio-de-ingenierias-por-la-estabilidad-en-la-contratacion\/#breadcrumb\"},\"inLanguage\":\"es\",\"potentialAction\":[{\"@type\":\"ReadAction\",\"target\":[\"https:\/\/www.ugttec.es\/index.php\/2025\/04\/09\/convenio-de-ingenierias-por-la-estabilidad-en-la-contratacion\/\"]}]},{\"@type\":\"ImageObject\",\"inLanguage\":\"es\",\"@id\":\"https:\/\/www.ugttec.es\/index.php\/2025\/04\/09\/convenio-de-ingenierias-por-la-estabilidad-en-la-contratacion\/#primaryimage\",\"url\":\"https:\/\/www.ugttec.es\/wp-content\/uploads\/2025\/03\/Designer-e1744187809397.jpeg\",\"contentUrl\":\"https:\/\/www.ugttec.es\/wp-content\/uploads\/2025\/03\/Designer-e1744187809397.jpeg\",\"width\":1024,\"height\":512,\"caption\":\"Negociaci\u00f3n Convenio Ingenier\u00eda\"},{\"@type\":\"BreadcrumbList\",\"@id\":\"https:\/\/www.ugttec.es\/index.php\/2025\/04\/09\/convenio-de-ingenierias-por-la-estabilidad-en-la-contratacion\/#breadcrumb\",\"itemListElement\":[{\"@type\":\"ListItem\",\"position\":1,\"name\":\"Portada\",\"item\":\"https:\/\/www.ugttec.es\/\"},{\"@type\":\"ListItem\",\"position\":2,\"name\":\"CONVENIO DE INGENIER\u00cdAS: POR LA ESTABILIDAD EN LA CONTRATACI\u00d3N\"}]},{\"@type\":\"WebSite\",\"@id\":\"https:\/\/www.ugttec.es\/#website\",\"url\":\"https:\/\/www.ugttec.es\/\",\"name\":\"La web de la Secci\u00f3n Sindical de la UGT en Tragsatec\",\"description\":\"\",\"publisher\":{\"@id\":\"https:\/\/www.ugttec.es\/#organization\"},\"potentialAction\":[{\"@type\":\"SearchAction\",\"target\":{\"@type\":\"EntryPoint\",\"urlTemplate\":\"https:\/\/www.ugttec.es\/?s={search_term_string}\"},\"query-input\":{\"@type\":\"PropertyValueSpecification\",\"valueRequired\":true,\"valueName\":\"search_term_string\"}}],\"inLanguage\":\"es\"},{\"@type\":\"Organization\",\"@id\":\"https:\/\/www.ugttec.es\/#organization\",\"name\":\"Secci\u00f3n Sindical de la UGT en Tragsatec\",\"url\":\"https:\/\/www.ugttec.es\/\",\"logo\":{\"@type\":\"ImageObject\",\"inLanguage\":\"es\",\"@id\":\"https:\/\/www.ugttec.es\/#\/schema\/logo\/image\/\",\"url\":\"https:\/\/www.ugttec.es\/wp-content\/uploads\/2023\/05\/cropped-mancheta-sin-fondo.png\",\"contentUrl\":\"https:\/\/www.ugttec.es\/wp-content\/uploads\/2023\/05\/cropped-mancheta-sin-fondo.png\",\"width\":771,\"height\":232,\"caption\":\"Secci\u00f3n Sindical de la UGT en Tragsatec\"},\"image\":{\"@id\":\"https:\/\/www.ugttec.es\/#\/schema\/logo\/image\/\"},\"sameAs\":[\"https:\/\/whatsapp.com\/channel\/0029Vb41KFyChq6V4F7cqU0n\"]},{\"@type\":\"Person\",\"@id\":\"https:\/\/www.ugttec.es\/#\/schema\/person\/95529a5fea60b66562160635bc983c80\",\"name\":\"Secci\u00f3n Sindical UGT Madrid\",\"image\":{\"@type\":\"ImageObject\",\"inLanguage\":\"es\",\"@id\":\"https:\/\/www.ugttec.es\/#\/schema\/person\/image\/\",\"url\":\"https:\/\/secure.gravatar.com\/avatar\/272d34ee6577d78be3fce0b14017e522a6f0af4edddf42b92d6e1bb3dd07da02?s=96&d=mm&r=g\",\"contentUrl\":\"https:\/\/secure.gravatar.com\/avatar\/272d34ee6577d78be3fce0b14017e522a6f0af4edddf42b92d6e1bb3dd07da02?s=96&d=mm&r=g\",\"caption\":\"Secci\u00f3n Sindical UGT Madrid\"},\"url\":\"https:\/\/www.ugttec.es\/index.php\/author\/jvff\/\"}]}<\/script>\n<!-- \/ Yoast SEO plugin. -->","yoast_head_json":{"title":"CONVENIO DE INGENIER\u00cdAS: POR LA ESTABILIDAD EN LA CONTRATACI\u00d3N - La web de la Secci\u00f3n Sindical de la UGT en Tragsatec","description":"El 2 de abril ,tuvo lugar una nueva reuni\u00f3n para la negociaci\u00f3n del convenio colectivo de ingenier\u00edas y oficinas de estudios t\u00e9cnicos, con el resultado de NO A TODO.","robots":{"index":"index","follow":"follow","max-snippet":"max-snippet:-1","max-image-preview":"max-image-preview:large","max-video-preview":"max-video-preview:-1"},"canonical":"https:\/\/www.ugttec.es\/index.php\/2025\/04\/09\/convenio-de-ingenierias-por-la-estabilidad-en-la-contratacion\/","og_locale":"es_ES","og_type":"article","og_title":"CONVENIO DE INGENIER\u00cdAS: POR LA ESTABILIDAD EN LA CONTRATACI\u00d3N","og_description":"El 2 de abril ,tuvo lugar una nueva reuni\u00f3n para la negociaci\u00f3n del convenio colectivo de ingenier\u00edas y oficinas de estudios t\u00e9cnicos, con el resultado de NO A TODO.","og_url":"https:\/\/www.ugttec.es\/index.php\/2025\/04\/09\/convenio-de-ingenierias-por-la-estabilidad-en-la-contratacion\/","og_site_name":"La web de la Secci\u00f3n Sindical de la UGT en Tragsatec","article_published_time":"2025-04-09T08:40:35+00:00","article_modified_time":"2025-04-09T08:40:36+00:00","og_image":[{"width":1024,"height":512,"url":"https:\/\/www.ugttec.es\/wp-content\/uploads\/2025\/03\/Designer-e1744187809397.jpeg","type":"image\/jpeg"}],"author":"Secci\u00f3n Sindical UGT Madrid","twitter_card":"summary_large_image","twitter_misc":{"Escrito por":"Secci\u00f3n Sindical UGT Madrid","Tiempo de lectura":"1 minuto"},"schema":{"@context":"https:\/\/schema.org","@graph":[{"@type":"Article","@id":"https:\/\/www.ugttec.es\/index.php\/2025\/04\/09\/convenio-de-ingenierias-por-la-estabilidad-en-la-contratacion\/#article","isPartOf":{"@id":"https:\/\/www.ugttec.es\/index.php\/2025\/04\/09\/convenio-de-ingenierias-por-la-estabilidad-en-la-contratacion\/"},"author":{"name":"Secci\u00f3n Sindical UGT Madrid","@id":"https:\/\/www.ugttec.es\/#\/schema\/person\/95529a5fea60b66562160635bc983c80"},"headline":"CONVENIO DE INGENIER\u00cdAS: POR LA ESTABILIDAD EN LA CONTRATACI\u00d3N","datePublished":"2025-04-09T08:40:35+00:00","dateModified":"2025-04-09T08:40:36+00:00","mainEntityOfPage":{"@id":"https:\/\/www.ugttec.es\/index.php\/2025\/04\/09\/convenio-de-ingenierias-por-la-estabilidad-en-la-contratacion\/"},"wordCount":167,"commentCount":0,"publisher":{"@id":"https:\/\/www.ugttec.es\/#organization"},"image":{"@id":"https:\/\/www.ugttec.es\/index.php\/2025\/04\/09\/convenio-de-ingenierias-por-la-estabilidad-en-la-contratacion\/#primaryimage"},"thumbnailUrl":"https:\/\/www.ugttec.es\/wp-content\/uploads\/2025\/03\/Designer-e1744187809397.jpeg","keywords":["convenio","Ingenie","negociacion"],"articleSection":["CC Ingenier\u00eda"],"inLanguage":"es","potentialAction":[{"@type":"CommentAction","name":"Comment","target":["https:\/\/www.ugttec.es\/index.php\/2025\/04\/09\/convenio-de-ingenierias-por-la-estabilidad-en-la-contratacion\/#respond"]}]},{"@type":"WebPage","@id":"https:\/\/www.ugttec.es\/index.php\/2025\/04\/09\/convenio-de-ingenierias-por-la-estabilidad-en-la-contratacion\/","url":"https:\/\/www.ugttec.es\/index.php\/2025\/04\/09\/convenio-de-ingenierias-por-la-estabilidad-en-la-contratacion\/","name":"CONVENIO DE INGENIER\u00cdAS: POR LA ESTABILIDAD EN LA CONTRATACI\u00d3N - La web de la Secci\u00f3n Sindical de la UGT en Tragsatec","isPartOf":{"@id":"https:\/\/www.ugttec.es\/#website"},"primaryImageOfPage":{"@id":"https:\/\/www.ugttec.es\/index.php\/2025\/04\/09\/convenio-de-ingenierias-por-la-estabilidad-en-la-contratacion\/#primaryimage"},"image":{"@id":"https:\/\/www.ugttec.es\/index.php\/2025\/04\/09\/convenio-de-ingenierias-por-la-estabilidad-en-la-contratacion\/#primaryimage"},"thumbnailUrl":"https:\/\/www.ugttec.es\/wp-content\/uploads\/2025\/03\/Designer-e1744187809397.jpeg","datePublished":"2025-04-09T08:40:35+00:00","dateModified":"2025-04-09T08:40:36+00:00","description":"El 2 de abril ,tuvo lugar una nueva reuni\u00f3n para la negociaci\u00f3n del convenio colectivo de ingenier\u00edas y oficinas de estudios t\u00e9cnicos, con el resultado de NO A TODO.","breadcrumb":{"@id":"https:\/\/www.ugttec.es\/index.php\/2025\/04\/09\/convenio-de-ingenierias-por-la-estabilidad-en-la-contratacion\/#breadcrumb"},"inLanguage":"es","potentialAction":[{"@type":"ReadAction","target":["https:\/\/www.ugttec.es\/index.php\/2025\/04\/09\/convenio-de-ingenierias-por-la-estabilidad-en-la-contratacion\/"]}]},{"@type":"ImageObject","inLanguage":"es","@id":"https:\/\/www.ugttec.es\/index.php\/2025\/04\/09\/convenio-de-ingenierias-por-la-estabilidad-en-la-contratacion\/#primaryimage","url":"https:\/\/www.ugttec.es\/wp-content\/uploads\/2025\/03\/Designer-e1744187809397.jpeg","contentUrl":"https:\/\/www.ugttec.es\/wp-content\/uploads\/2025\/03\/Designer-e1744187809397.jpeg","width":1024,"height":512,"caption":"Negociaci\u00f3n Convenio Ingenier\u00eda"},{"@type":"BreadcrumbList","@id":"https:\/\/www.ugttec.es\/index.php\/2025\/04\/09\/convenio-de-ingenierias-por-la-estabilidad-en-la-contratacion\/#breadcrumb","itemListElement":[{"@type":"ListItem","position":1,"name":"Portada","item":"https:\/\/www.ugttec.es\/"},{"@type":"ListItem","position":2,"name":"CONVENIO DE INGENIER\u00cdAS: POR LA ESTABILIDAD EN LA CONTRATACI\u00d3N"}]},{"@type":"WebSite","@id":"https:\/\/www.ugttec.es\/#website","url":"https:\/\/www.ugttec.es\/","name":"La web de la Secci\u00f3n Sindical de la UGT en Tragsatec","description":"","publisher":{"@id":"https:\/\/www.ugttec.es\/#organization"},"potentialAction":[{"@type":"SearchAction","target":{"@type":"EntryPoint","urlTemplate":"https:\/\/www.ugttec.es\/?s={search_term_string}"},"query-input":{"@type":"PropertyValueSpecification","valueRequired":true,"valueName":"search_term_string"}}],"inLanguage":"es"},{"@type":"Organization","@id":"https:\/\/www.ugttec.es\/#organization","name":"Secci\u00f3n Sindical de la UGT en Tragsatec","url":"https:\/\/www.ugttec.es\/","logo":{"@type":"ImageObject","inLanguage":"es","@id":"https:\/\/www.ugttec.es\/#\/schema\/logo\/image\/","url":"https:\/\/www.ugttec.es\/wp-content\/uploads\/2023\/05\/cropped-mancheta-sin-fondo.png","contentUrl":"https:\/\/www.ugttec.es\/wp-content\/uploads\/2023\/05\/cropped-mancheta-sin-fondo.png","width":771,"height":232,"caption":"Secci\u00f3n Sindical de la UGT en Tragsatec"},"image":{"@id":"https:\/\/www.ugttec.es\/#\/schema\/logo\/image\/"},"sameAs":["https:\/\/whatsapp.com\/channel\/0029Vb41KFyChq6V4F7cqU0n"]},{"@type":"Person","@id":"https:\/\/www.ugttec.es\/#\/schema\/person\/95529a5fea60b66562160635bc983c80","name":"Secci\u00f3n Sindical UGT Madrid","image":{"@type":"ImageObject","inLanguage":"es","@id":"https:\/\/www.ugttec.es\/#\/schema\/person\/image\/","url":"https:\/\/secure.gravatar.com\/avatar\/272d34ee6577d78be3fce0b14017e522a6f0af4edddf42b92d6e1bb3dd07da02?s=96&d=mm&r=g","contentUrl":"https:\/\/secure.gravatar.com\/avatar\/272d34ee6577d78be3fce0b14017e522a6f0af4edddf42b92d6e1bb3dd07da02?s=96&d=mm&r=g","caption":"Secci\u00f3n Sindical UGT Madrid"},"url":"https:\/\/www.ugttec.es\/index.php\/author\/jvff\/"}]}},"_links":{"self":[{"href":"https:\/\/www.ugttec.es\/index.php\/wp-json\/wp\/v2\/posts\/347","targetHints":{"allow":["GET"]}}],"collection":[{"href":"https:\/\/www.ugttec.es\/index.php\/wp-json\/wp\/v2\/posts"}],"about":[{"href":"https:\/\/www.ugttec.es\/index.php\/wp-json\/wp\/v2\/types\/post"}],"author":[{"embeddable":true,"href":"https:\/\/www.ugttec.es\/index.php\/wp-json\/wp\/v2\/users\/3"}],"replies":[{"embeddable":true,"href":"https:\/\/www.ugttec.es\/index.php\/wp-json\/wp\/v2\/comments?post=347"}],"version-history":[{"count":1,"href":"https:\/\/www.ugttec.es\/index.php\/wp-json\/wp\/v2\/posts\/347\/revisions"}],"predecessor-version":[{"id":348,"href":"https:\/\/www.ugttec.es\/index.php\/wp-json\/wp\/v2\/posts\/347\/revisions\/348"}],"wp:featuredmedia":[{"embeddable":true,"href":"https:\/\/www.ugttec.es\/index.php\/wp-json\/wp\/v2\/media\/337"}],"wp:attachment":[{"href":"https:\/\/www.ugttec.es\/index.php\/wp-json\/wp\/v2\/media?parent=347"}],"wp:term":[{"taxonomy":"category","embeddable":true,"href":"https:\/\/www.ugttec.es\/index.php\/wp-json\/wp\/v2\/categories?post=347"},{"taxonomy":"post_tag","embeddable":true,"href":"https:\/\/www.ugttec.es\/index.php\/wp-json\/wp\/v2\/tags?post=347"}],"curies":[{"name":"wp","href":"https:\/\/api.w.org\/{rel}","templated":true}]}}