{"id":521,"date":"2026-05-21T16:50:46","date_gmt":"2026-05-21T15:50:46","guid":{"rendered":"https:\/\/www.ugttec.es\/?p=521"},"modified":"2026-05-21T16:50:47","modified_gmt":"2026-05-21T15:50:47","slug":"representacion-sindical-estatal-18-03-2026","status":"publish","type":"post","link":"https:\/\/www.ugttec.es\/index.php\/2026\/05\/21\/representacion-sindical-estatal-18-03-2026\/","title":{"rendered":"REPRESENTACI\u00d3N SINDICAL ESTATAL 18\/03\/2026"},"content":{"rendered":"\n<p class=\"wp-block-paragraph\">El pasado mi\u00e9rcoles tuvimos la primera reuni\u00f3n del a\u00f1o de la Representaci\u00f3n Sindical Estatal de Tragsatec. Como viene siendo habitual en estas reuniones, se acumula un n\u00famero desproporcionado de puntos en el orden del d\u00eda, y tal como ha ocurrido otras ocasiones, es imposible tratar todos.<\/p>\n\n\n\n<p class=\"wp-block-paragraph\"><strong>Antes de nada os dejamos la anecdotita curiosa del d\u00eda<\/strong>:<\/p>\n\n\n\n<p class=\"wp-block-paragraph\">La Direcci\u00f3n, en un alarde de humor corporativo, ha soltado una pullita a la reci\u00e9n estrenada RSE insinuando que algunas de sus preguntas <strong>se parecen m\u00e1s a dudas de personal del organigrama<\/strong> de Tragsatec que a las de una representaci\u00f3n legal de las personas trabajadoras. Todo esto ocurre justo despu\u00e9s de que un Delegado Nacional de una organizaci\u00f3n sindical lanzara una pregunta aludiendo a procesos de contrataci\u00f3n de personas trabajadoras en los que participa por ocupar un puesto de responsabilidad en la empresa como parte contratante <em>(\u201cde la primera parte\u2026\u201d)<\/em>.<\/p>\n\n\n\n<p class=\"wp-block-paragraph\">Vamos, que lo que cualquier sindicato m\u00ednimamente serio llamar\u00eda \u201cconflicto de inter\u00e9s de manual\u201d aqu\u00ed se presenta como lo m\u00e1s normal del mundo. Y mientras tanto, la Direcci\u00f3n aprovecha para restar credibilidad o echarse unas risas a costa de esta nueva RSE\u2026 <strong>MAL ESTRENO.<\/strong><\/p>\n\n\n\n<p class=\"has-text-align-center has-vivid-red-color has-text-color has-link-color wp-elements-1 wp-block-paragraph\"><strong>ANALISIS ECON\u00d3MICO \u2013 ART\u00cdCULO 64 ET<\/strong><\/p>\n\n\n\n<p class=\"wp-block-paragraph\">El cierre de 2025, para sorpresa de nadie, arroj\u00f3 de nuevo <strong>cifras hist\u00f3ricas<\/strong>: con una producci\u00f3n de casi 800 millones de euros y una cartera de pedidos superior a 1200 millones de euros, 2025 cerr\u00f3 con un 8,7% de margen y un resultado de ejercicio de 25 millones.<\/p>\n\n\n\n<p class=\"wp-block-paragraph\">Y, para sorpresa de nadie, estos beneficios hist\u00f3ricos vuelven a no tener un reflejo directo en las condiciones laborales de las 14.322 personas que formamos la plantilla de Tragsatec. Una vez m\u00e1s, <strong>la mejora econ\u00f3mica de la empresa no se traduce en mejoras reales<\/strong> para quienes sacamos adelante el trabajo.<\/p>\n\n\n\n<p class=\"wp-block-paragraph\">Desde <mark style=\"background-color:rgba(0, 0, 0, 0)\" class=\"has-inline-color has-vivid-red-color\"><strong>UGT<\/strong> \u00a0<\/mark>adem\u00e1s hemos trasladado a la Direcci\u00f3n que muchos responsables est\u00e1n pidiendo <strong>esfuerzos adicionales para cerrar los proyectos PRTR<\/strong> que finalizan en junio, sobre los que casualmente no se est\u00e1n acordando de planificar ni autorizar debidamente las horas extraordinarias que se puedan generar. Recordamos que toda hora que supere la jornada ordinaria es una hora extra, que existe un l\u00edmite legal de 80 al a\u00f1o, y que la empresa debe compensarlas obligatoriamente, ya sea en descanso equivalente o en retribuci\u00f3n, siempre con un incremento del 1,75.<\/p>\n\n\n\n<p class=\"wp-block-paragraph\"><strong>No hagas m\u00e1s horas<\/strong><strong> sin autorizaci\u00f3n expresa de tu responsable para realizar horas extras.<\/strong><strong> <\/strong><strong>Solicita una planificaci\u00f3n y f\u00f3rmula de compensaci\u00f3n (en tiempo o en met\u00e1lico).<\/strong><\/p>\n\n\n\n<p class=\"has-text-align-center wp-block-paragraph\"><strong>Y si te cuentan otra historia, contacta con tu delegada o delegado de <mark style=\"background-color:rgba(0, 0, 0, 0)\" class=\"has-inline-color has-vivid-red-color\">UGT<\/mark><\/strong><\/p>\n\n\n\n<p class=\"has-text-align-center has-vivid-red-color has-text-color has-link-color wp-elements-2 wp-block-paragraph\"><strong>PROCESOS DE CONSOLIDACI\u00d3N DE EMPLEO<\/strong><\/p>\n\n\n\n<p class=\"wp-block-paragraph\">Se van a ir realizando a lo largo de 2026 todos los procesos de tasas autorizados hasta el momento por Hacienda, con m\u00e1s de 1000 puestos pendientes de convocar. En su exposici\u00f3n, la Direcci\u00f3n ha informado que quiere \u201cquedarse\u201d un tercio de los puestos de la TRO 25\u201126 para convocarlos como puestos PRE, puestos de especial responsabilidad.<\/p>\n\n\n\n<p class=\"wp-block-paragraph\"><mark style=\"background-color:rgba(0, 0, 0, 0)\" class=\"has-inline-color has-vivid-red-color\"><strong>UGT<\/strong> <\/mark>le hemos dicho a la Direcci\u00f3n que esta decisi\u00f3n es un claro <strong>abuso<\/strong>. Est\u00e1 clar\u00edsima nuestra postura: los puestos PRE son, b\u00e1sicamente, puestos \u201ca dedo\u201d, de libre designaci\u00f3n, y mientras la empresa no permita que la parte social participe en estos procesos, seguir\u00e1 el <strong>halo de sospecha por su opacidad y discrecionalidad<\/strong>.<\/p>\n\n\n\n<p class=\"wp-block-paragraph\"><strong>ASI NO<\/strong>. <mark style=\"background-color:rgba(0, 0, 0, 0)\" class=\"has-inline-color has-vivid-red-color\"><strong>UGT<\/strong> <\/mark><strong>no vamos a avalar una <u>pol\u00edtica empresarial que aparte a la representaci\u00f3n legal de las personas trabajadoras de materias de \u00edndole laboral<\/u>, como son los m\u00e1s de 100 procesos de promociones internas, que parecen querer reservarse con esta decisi\u00f3n.<\/strong><\/p>\n\n\n\n<p class=\"has-text-align-center has-vivid-red-color has-text-color has-link-color wp-elements-3 wp-block-paragraph\"><strong>PROCESOS DE PROMOCIONES INTERNAS Y RECLASIFICACIONES<\/strong><\/p>\n\n\n\n<p class=\"wp-block-paragraph\">Se van a ejecutar las 113 <strong>reclasificaciones pendientes<\/strong> aceptadas en reuniones 2025 y a\u00f1os anteriores y se va a finalizar, por fin, con las <strong>reclasificaciones de categor\u00eda 8 a 7<\/strong> a las que obligaba el actual Convenio de Ingenier\u00eda y que afecta a las categor\u00edas de Auxiliar administrativo, Oficial 2 de Oficios y Auxiliar pecuario, con fecha de efectos retroactivos de 1 de enero de 2025.<\/p>\n\n\n\n<p class=\"wp-block-paragraph\">En el a\u00f1o 2025 se han ejecutado un total de 85 <strong>promociones internas<\/strong> de puestos de Convenio, algunas pendientes de finalizar y en 2026 est\u00e1n previstos, de momento, 45 procesos.<\/p>\n\n\n\n<p class=\"has-text-align-center has-vivid-red-color has-text-color has-link-color wp-elements-4 wp-block-paragraph\"><strong>ABONO DE ATRASOS<\/strong><\/p>\n\n\n\n<p class=\"wp-block-paragraph\">Se ha recibido una comunicaci\u00f3n de Hacienda en la que se recuerda la obligatoriedad de imputar el cobro de atrasos como rendimientos del trabajo mediante la presentaci\u00f3n de una <strong>declaraci\u00f3n complementaria<\/strong>.<\/p>\n\n\n\n<p class=\"wp-block-paragraph\">La \u00faltima instrucci\u00f3n de Hacienda recibida por la empresa &nbsp;indica que, si los atrasos no se perciben antes del inicio de la campa\u00f1a de la renta y el borrador correspondiente ya ha sido presentado y confirmado, deber\u00e1 realizarse la declaraci\u00f3n complementaria del ejercicio anterior a lo largo del a\u00f1o en curso.<\/p>\n\n\n\n<p class=\"wp-block-paragraph\"><em>\u00bfY por ese motivo <\/em><em>la <\/em><em>Direcci\u00f3n va a adelantar el pago de los atrasos? <\/em><em><\/em><\/p>\n\n\n\n<p class=\"wp-block-paragraph\"><strong>NO<\/strong>. Han decidido \u201cfacilitarnos\u201d los tr\u00e1mites y <strong>no abonar los atrasos hasta el 1 de julio<\/strong>.<\/p>\n\n\n\n<p class=\"has-text-align-center has-vivid-red-color has-text-color has-link-color wp-elements-5 wp-block-paragraph\"><strong>NOVEDADES EN APLICACIONES INFORM\u00c1TICAS<\/strong><\/p>\n\n\n\n<ul class=\"wp-block-list\">\n<li>Se va a implantar progresivamente la realizaci\u00f3n de Partes de kil\u00f3metros y SIDO en la aplicaci\u00f3n de \u201c Espacio Grupo Tragsa\u201d<\/li>\n\n\n\n<li>Se ha puesto en marcha un proyecto piloto para reflejar las posibles <strong>incidencias y anomal\u00edas en fichajes<\/strong>, y avisar a la persona trabajadora, a su responsable y finalmente a RRHH para que se puedan subsanar a tiempo.<\/li>\n\n\n\n<li>Para el mes de abril se espera implantar a nivel general en el grupo un <strong>sistema de alertas ante fen\u00f3menos meteorol\u00f3gicos adversos<\/strong>,&nbsp; por el que se van a generar mensajes SMS y alertas en la aplicaci\u00f3n del Grupo Tragsa informando de alertas meteorol\u00f3gicas e instrucciones claras de obligado cumplimiento.<\/li>\n<\/ul>\n\n\n\n<p class=\"has-text-align-center has-vivid-red-color has-text-color has-link-color wp-elements-6 wp-block-paragraph\"><strong>APLICACI\u00d3N DEL PROTOCOLO DE FEN\u00d3MENOS METEOROL\u00d3GICOS ADVERSOS<\/strong><\/p>\n\n\n\n<p class=\"wp-block-paragraph\">Tras la publicaci\u00f3n del Protocolo de Fen\u00f3menos Meteorol\u00f3gicos Adversos que propusimos hace meses desde <strong>UGT<\/strong>, nos hemos interesado sobre su nivel de aplicaci\u00f3n tras los \u00faltimos episodios meteorol\u00f3gicos que se han producido en los distintos territorios, con avisos naranja y rojo. Nuestra conclusi\u00f3n es que <strong>se est\u00e1 aplicando de forma muy desigual y<\/strong> con niveles de implantaci\u00f3n muy diferentes por territorio.<\/p>\n\n\n\n<p class=\"wp-block-paragraph\">La Direcci\u00f3n asegura que ya dispone de <strong>Planes de Emergencia<\/strong> de todos los territorios y que se asegurar\u00e1n de que hay una correcta difusi\u00f3n y comunicaci\u00f3n de los mismos. Adem\u00e1s <strong><mark style=\"background-color:rgba(0, 0, 0, 0)\" class=\"has-inline-color has-vivid-red-color\">UGT <\/mark><\/strong>hemos reclamado a la Direcci\u00f3n que la elaboraci\u00f3n de los Planes de Emergencia se haya hecho sin contar con la representaci\u00f3n legal de la plantilla ni con los delegados y delegadas de prevenci\u00f3n. <strong>Algo que, desde nuestro punto de vista, es injustificable.<\/strong><\/p>\n\n\n\n<p class=\"wp-block-paragraph\">Desde <mark style=\"background-color:rgba(0, 0, 0, 0)\" class=\"has-inline-color has-vivid-red-color\"><strong>UGT<\/strong> <\/mark>hemos pedido que se explique c\u00f3mo se va a <strong>planificar la informaci\u00f3n y la formaci\u00f3n para toda la plantilla<\/strong>, que se unifiquen criterios (especialmente en lo que afecta al TDAE) y que se garantice una <strong>activaci\u00f3n preventiva y coherente de estas medidas<\/strong>.<\/p>\n\n\n\n<p class=\"has-vivid-red-color has-text-color has-link-color wp-elements-7 wp-block-paragraph\"><strong>PERMISO RETRIBUIDO POR HOSPITALIZACION<\/strong><\/p>\n\n\n\n<p class=\"wp-block-paragraph\">De momento <strong>no va a haber cambios<\/strong> en la consideraci\u00f3n del permiso por accidente o enfermedad graves, hospitalizaci\u00f3n o intervenci\u00f3n quir\u00fargica sin hospitalizaci\u00f3n que precise reposo domiciliario de familiar o conviviente, pese a la sentencia del Tribunal Supremo que permite en el caso de intervenci\u00f3n ambulatoria que precise reposo, el inicio del permiso durante el periodo de reposo, sin vinculaci\u00f3n al d\u00eda de la intervenci\u00f3n. La Direcci\u00f3n lo va a estudiar y lo aplicar\u00e1 en caso de que considere que la jurisprudencia as\u00ed lo recoge.<\/p>\n\n\n\n<p class=\"has-text-align-center wp-block-paragraph\"><strong>Estaremos vigilantes para garantizar que se aplique cualquier mejora legal a los permisos.<\/strong><\/p>\n\n\n\n<p class=\"has-text-align-center has-vivid-red-color has-text-color has-link-color wp-elements-8 wp-block-paragraph\"><strong>PLAN DE SALIDAS VOLUNTARIAS INCENTIVADAS<\/strong><\/p>\n\n\n\n<p class=\"wp-block-paragraph\">Sin novedad de ning\u00fan tipo. Todo sigue <strong>atascado a la espera de que SEPI d\u00e9 su autorizaci\u00f3n<\/strong>, porque no termina de ver claro que este Plan pueda aplicarse en Tragsatec.<\/p>\n\n\n\n<p class=\"wp-block-paragraph\">Mientras tanto, la Direcci\u00f3n sigue comprometida en ponerlo en marcha cuanto antes \u2014a ser posible en este mismo ejercicio\u2014 hasta el punto de pedir \u201ccolaboraci\u00f3n\u201d a las organizaciones sindicales para ayudar a desbloquear la situaci\u00f3n\u2026 <strong>Incre\u00edble, pero cierto\u2026<\/strong><\/p>\n\n\n\n<p class=\"wp-block-paragraph\"><strong>De cara a una segunda reuni\u00f3n, seguimos pendientes de conocer, entre otros temas propuestos por <mark style=\"background-color:rgba(0, 0, 0, 0)\" class=\"has-inline-color has-vivid-red-color\">UGT<\/mark>:<\/strong><\/p>\n\n\n\n<ul class=\"wp-block-list\">\n<li>Criterios de asignaci\u00f3n de DPO a Responsables T\u00e9cnicos de Proyecto<\/li>\n\n\n\n<li>Avance en la identificaci\u00f3n de actividades\/colectivos afectados por condiciones especiales de trabajo, toxicidad, peligrosidad, penosidad. Abono de plus<\/li>\n\n\n\n<li>Encuesta de clima laboral<\/li>\n\n\n\n<li>Seguimiento de la situaci\u00f3n del colectivo de Saneamiento Ganadero de Castilla y Le\u00f3n.<\/li>\n<\/ul>\n\n\n\n<p class=\"wp-block-paragraph\"><\/p>\n\n\n\n<p class=\"has-text-align-center has-vivid-red-color has-text-color has-link-color wp-elements-9 wp-block-paragraph\" style=\"font-size:19px\"><strong>\u00a1\u00a1SI TIENES CUALQUIER DUDA, CONSULTA A TU DELEGADA O DELEGADO DE UGT!!<\/strong><\/p>\n\n\n\n<p class=\"has-text-align-center has-vivid-red-color has-text-color has-link-color wp-elements-10 wp-block-paragraph\" style=\"font-size:19px\"><strong>\u00a1\u00a1\u00a1 UGT CONSTRUIMOS LA TRAGSATEC DEL FUTURO!!!<\/strong><\/p>\n\n\n\n<div class=\"wp-block-buttons is-content-justification-center is-layout-flex wp-container-core-buttons-is-layout-3e41869c wp-block-buttons-is-layout-flex\">\n<div class=\"wp-block-button\"><a class=\"wp-block-button__link has-vivid-green-cyan-background-color has-background wp-element-button\" href=\"https:\/\/whatsapp.com\/channel\/0029Vb41KFyChq6V4F7cqU0n\"><strong>SIGUE NUESTRO CANAL DE WHATSAPP<\/strong><\/a><\/div>\n<\/div>\n\n\n<div class=\"wp-block-image\">\n<figure class=\"aligncenter size-full\"><img loading=\"lazy\" decoding=\"async\" width=\"169\" height=\"169\" src=\"https:\/\/www.ugttec.es\/wp-content\/uploads\/2025\/06\/image.png\" alt=\"\" class=\"wp-image-367\" srcset=\"https:\/\/www.ugttec.es\/wp-content\/uploads\/2025\/06\/image.png 169w, https:\/\/www.ugttec.es\/wp-content\/uploads\/2025\/06\/image-150x150.png 150w\" sizes=\"auto, (max-width: 169px) 100vw, 169px\" \/><\/figure>\n<\/div>\n\n\n<p class=\"has-text-align-center has-vivid-red-color has-text-color has-link-color has-medium-font-size wp-elements-11 wp-block-paragraph\"><strong>AF\u00edLIATE A UGT<\/strong><\/p>\n\n\n\n<p class=\"has-text-align-center wp-block-paragraph\">Ponte en contacto con nosotros o&nbsp;<a href=\"https:\/\/urldefense.com\/v3\/__https:\/\/www.ugt.es\/ficha-de-afiliacion__;!!BgLsOpJl!tM4j52Ef4pz7lho5pWhWrZtBj0WcX8nEc7mKaCHGlkQ_VPhej7DeDkaUBcpDTtuA2pWwrixubQZciSo$\" target=\"_blank\" rel=\"noreferrer noopener\">PINCHA AQU\u00cd<\/a>&nbsp;para descargarte la hoja de afiliaci\u00f3n.<\/p>\n","protected":false},"excerpt":{"rendered":"<p>El pasado mi\u00e9rcoles tuvimos la primera reuni\u00f3n del a\u00f1o de la Representaci\u00f3n Sindical Estatal de Tragsatec. Como viene siendo habitual en estas reuniones, se acumula un n\u00famero desproporcionado de puntos en el orden del d\u00eda, y tal como ha ocurrido otras ocasiones, es imposible tratar todos. Antes de nada os dejamos la anecdotita curiosa del [&hellip;]<\/p>\n","protected":false},"author":7,"featured_media":321,"comment_status":"open","ping_status":"open","sticky":false,"template":"","format":"standard","meta":{"footnotes":""},"categories":[16],"tags":[32,22],"class_list":["post-521","post","type-post","status-publish","format-standard","has-post-thumbnail","hentry","category-rse","tag-negociacion","tag-rse"],"yoast_head":"<!-- This site is optimized with the Yoast SEO plugin v27.8 - https:\/\/yoast.com\/product\/yoast-seo-wordpress\/ -->\n<title>REPRESENTACI\u00d3N SINDICAL ESTATAL 18\/03\/2026 -<\/title>\n<meta name=\"robots\" content=\"index, follow, max-snippet:-1, max-image-preview:large, max-video-preview:-1\" \/>\n<link rel=\"canonical\" href=\"https:\/\/www.ugttec.es\/index.php\/2026\/05\/21\/representacion-sindical-estatal-18-03-2026\/\" \/>\n<meta property=\"og:locale\" content=\"es_ES\" \/>\n<meta property=\"og:type\" content=\"article\" \/>\n<meta property=\"og:title\" content=\"REPRESENTACI\u00d3N SINDICAL ESTATAL 18\/03\/2026 -\" \/>\n<meta property=\"og:description\" content=\"El pasado mi\u00e9rcoles tuvimos la primera reuni\u00f3n del a\u00f1o de la Representaci\u00f3n Sindical Estatal de Tragsatec. Como viene siendo habitual en estas reuniones, se acumula un n\u00famero desproporcionado de puntos en el orden del d\u00eda, y tal como ha ocurrido otras ocasiones, es imposible tratar todos. Antes de nada os dejamos la anecdotita curiosa del [&hellip;]\" \/>\n<meta property=\"og:url\" content=\"https:\/\/www.ugttec.es\/index.php\/2026\/05\/21\/representacion-sindical-estatal-18-03-2026\/\" \/>\n<meta property=\"article:published_time\" content=\"2026-05-21T15:50:46+00:00\" \/>\n<meta property=\"article:modified_time\" content=\"2026-05-21T15:50:47+00:00\" \/>\n<meta property=\"og:image\" content=\"https:\/\/www.ugttec.es\/wp-content\/uploads\/2025\/03\/RSE.jpg\" \/>\n\t<meta property=\"og:image:width\" content=\"1600\" \/>\n\t<meta property=\"og:image:height\" content=\"900\" \/>\n\t<meta property=\"og:image:type\" content=\"image\/jpeg\" \/>\n<meta name=\"author\" content=\"Leticia\" \/>\n<meta name=\"twitter:card\" content=\"summary_large_image\" \/>\n<meta name=\"twitter:label1\" content=\"Escrito por\" \/>\n\t<meta name=\"twitter:data1\" content=\"Leticia\" \/>\n\t<meta name=\"twitter:label2\" content=\"Tiempo de lectura\" \/>\n\t<meta name=\"twitter:data2\" content=\"7 minutos\" \/>\n<script type=\"application\/ld+json\" class=\"yoast-schema-graph\">{\"@context\":\"https:\\\/\\\/schema.org\",\"@graph\":[{\"@type\":\"Article\",\"@id\":\"https:\\\/\\\/www.ugttec.es\\\/index.php\\\/2026\\\/05\\\/21\\\/representacion-sindical-estatal-18-03-2026\\\/#article\",\"isPartOf\":{\"@id\":\"https:\\\/\\\/www.ugttec.es\\\/index.php\\\/2026\\\/05\\\/21\\\/representacion-sindical-estatal-18-03-2026\\\/\"},\"author\":{\"name\":\"Leticia\",\"@id\":\"https:\\\/\\\/www.ugttec.es\\\/#\\\/schema\\\/person\\\/d00e864e28920b1d931120f6bc81152f\"},\"headline\":\"REPRESENTACI\u00d3N SINDICAL ESTATAL 18\\\/03\\\/2026\",\"datePublished\":\"2026-05-21T15:50:46+00:00\",\"dateModified\":\"2026-05-21T15:50:47+00:00\",\"mainEntityOfPage\":{\"@id\":\"https:\\\/\\\/www.ugttec.es\\\/index.php\\\/2026\\\/05\\\/21\\\/representacion-sindical-estatal-18-03-2026\\\/\"},\"wordCount\":1471,\"commentCount\":0,\"publisher\":{\"@id\":\"https:\\\/\\\/www.ugttec.es\\\/#organization\"},\"image\":{\"@id\":\"https:\\\/\\\/www.ugttec.es\\\/index.php\\\/2026\\\/05\\\/21\\\/representacion-sindical-estatal-18-03-2026\\\/#primaryimage\"},\"thumbnailUrl\":\"https:\\\/\\\/www.ugttec.es\\\/wp-content\\\/uploads\\\/2025\\\/03\\\/RSE.jpg\",\"keywords\":[\"negociacion\",\"RSE\"],\"articleSection\":[\"RSE\"],\"inLanguage\":\"es\",\"potentialAction\":[{\"@type\":\"CommentAction\",\"name\":\"Comment\",\"target\":[\"https:\\\/\\\/www.ugttec.es\\\/index.php\\\/2026\\\/05\\\/21\\\/representacion-sindical-estatal-18-03-2026\\\/#respond\"]}]},{\"@type\":\"WebPage\",\"@id\":\"https:\\\/\\\/www.ugttec.es\\\/index.php\\\/2026\\\/05\\\/21\\\/representacion-sindical-estatal-18-03-2026\\\/\",\"url\":\"https:\\\/\\\/www.ugttec.es\\\/index.php\\\/2026\\\/05\\\/21\\\/representacion-sindical-estatal-18-03-2026\\\/\",\"name\":\"REPRESENTACI\u00d3N SINDICAL ESTATAL 18\\\/03\\\/2026 -\",\"isPartOf\":{\"@id\":\"https:\\\/\\\/www.ugttec.es\\\/#website\"},\"primaryImageOfPage\":{\"@id\":\"https:\\\/\\\/www.ugttec.es\\\/index.php\\\/2026\\\/05\\\/21\\\/representacion-sindical-estatal-18-03-2026\\\/#primaryimage\"},\"image\":{\"@id\":\"https:\\\/\\\/www.ugttec.es\\\/index.php\\\/2026\\\/05\\\/21\\\/representacion-sindical-estatal-18-03-2026\\\/#primaryimage\"},\"thumbnailUrl\":\"https:\\\/\\\/www.ugttec.es\\\/wp-content\\\/uploads\\\/2025\\\/03\\\/RSE.jpg\",\"datePublished\":\"2026-05-21T15:50:46+00:00\",\"dateModified\":\"2026-05-21T15:50:47+00:00\",\"breadcrumb\":{\"@id\":\"https:\\\/\\\/www.ugttec.es\\\/index.php\\\/2026\\\/05\\\/21\\\/representacion-sindical-estatal-18-03-2026\\\/#breadcrumb\"},\"inLanguage\":\"es\",\"potentialAction\":[{\"@type\":\"ReadAction\",\"target\":[\"https:\\\/\\\/www.ugttec.es\\\/index.php\\\/2026\\\/05\\\/21\\\/representacion-sindical-estatal-18-03-2026\\\/\"]}]},{\"@type\":\"ImageObject\",\"inLanguage\":\"es\",\"@id\":\"https:\\\/\\\/www.ugttec.es\\\/index.php\\\/2026\\\/05\\\/21\\\/representacion-sindical-estatal-18-03-2026\\\/#primaryimage\",\"url\":\"https:\\\/\\\/www.ugttec.es\\\/wp-content\\\/uploads\\\/2025\\\/03\\\/RSE.jpg\",\"contentUrl\":\"https:\\\/\\\/www.ugttec.es\\\/wp-content\\\/uploads\\\/2025\\\/03\\\/RSE.jpg\",\"width\":1600,\"height\":900},{\"@type\":\"BreadcrumbList\",\"@id\":\"https:\\\/\\\/www.ugttec.es\\\/index.php\\\/2026\\\/05\\\/21\\\/representacion-sindical-estatal-18-03-2026\\\/#breadcrumb\",\"itemListElement\":[{\"@type\":\"ListItem\",\"position\":1,\"name\":\"Portada\",\"item\":\"https:\\\/\\\/www.ugttec.es\\\/\"},{\"@type\":\"ListItem\",\"position\":2,\"name\":\"REPRESENTACI\u00d3N SINDICAL ESTATAL 18\\\/03\\\/2026\"}]},{\"@type\":\"WebSite\",\"@id\":\"https:\\\/\\\/www.ugttec.es\\\/#website\",\"url\":\"https:\\\/\\\/www.ugttec.es\\\/\",\"name\":\"La web de la Secci\u00f3n Sindical de la UGT en Tragsatec\",\"description\":\"Secci\u00f3n Sindical  Tragsatec\",\"publisher\":{\"@id\":\"https:\\\/\\\/www.ugttec.es\\\/#organization\"},\"potentialAction\":[{\"@type\":\"SearchAction\",\"target\":{\"@type\":\"EntryPoint\",\"urlTemplate\":\"https:\\\/\\\/www.ugttec.es\\\/?s={search_term_string}\"},\"query-input\":{\"@type\":\"PropertyValueSpecification\",\"valueRequired\":true,\"valueName\":\"search_term_string\"}}],\"inLanguage\":\"es\"},{\"@type\":\"Organization\",\"@id\":\"https:\\\/\\\/www.ugttec.es\\\/#organization\",\"name\":\"Secci\u00f3n Sindical de la UGT en Tragsatec\",\"url\":\"https:\\\/\\\/www.ugttec.es\\\/\",\"logo\":{\"@type\":\"ImageObject\",\"inLanguage\":\"es\",\"@id\":\"https:\\\/\\\/www.ugttec.es\\\/#\\\/schema\\\/logo\\\/image\\\/\",\"url\":\"https:\\\/\\\/www.ugttec.es\\\/wp-content\\\/uploads\\\/2026\\\/05\\\/UGT-MARCA_H_cmyk.png\",\"contentUrl\":\"https:\\\/\\\/www.ugttec.es\\\/wp-content\\\/uploads\\\/2026\\\/05\\\/UGT-MARCA_H_cmyk.png\",\"width\":2327,\"height\":781,\"caption\":\"Secci\u00f3n Sindical de la UGT en Tragsatec\"},\"image\":{\"@id\":\"https:\\\/\\\/www.ugttec.es\\\/#\\\/schema\\\/logo\\\/image\\\/\"},\"sameAs\":[\"https:\\\/\\\/whatsapp.com\\\/channel\\\/0029Vb41KFyChq6V4F7cqU0n\"]},{\"@type\":\"Person\",\"@id\":\"https:\\\/\\\/www.ugttec.es\\\/#\\\/schema\\\/person\\\/d00e864e28920b1d931120f6bc81152f\",\"name\":\"Leticia\",\"image\":{\"@type\":\"ImageObject\",\"inLanguage\":\"es\",\"@id\":\"https:\\\/\\\/secure.gravatar.com\\\/avatar\\\/04e85d08a3b04c0a1215476532abe9ea83b519328af5fa672e4b7137d7089572?s=96&d=mm&r=g\",\"url\":\"https:\\\/\\\/secure.gravatar.com\\\/avatar\\\/04e85d08a3b04c0a1215476532abe9ea83b519328af5fa672e4b7137d7089572?s=96&d=mm&r=g\",\"contentUrl\":\"https:\\\/\\\/secure.gravatar.com\\\/avatar\\\/04e85d08a3b04c0a1215476532abe9ea83b519328af5fa672e4b7137d7089572?s=96&d=mm&r=g\",\"caption\":\"Leticia\"},\"url\":\"https:\\\/\\\/www.ugttec.es\\\/index.php\\\/author\\\/leticia\\\/\"}]}<\/script>\n<!-- \/ Yoast SEO plugin. -->","yoast_head_json":{"title":"REPRESENTACI\u00d3N SINDICAL ESTATAL 18\/03\/2026 -","robots":{"index":"index","follow":"follow","max-snippet":"max-snippet:-1","max-image-preview":"max-image-preview:large","max-video-preview":"max-video-preview:-1"},"canonical":"https:\/\/www.ugttec.es\/index.php\/2026\/05\/21\/representacion-sindical-estatal-18-03-2026\/","og_locale":"es_ES","og_type":"article","og_title":"REPRESENTACI\u00d3N SINDICAL ESTATAL 18\/03\/2026 -","og_description":"El pasado mi\u00e9rcoles tuvimos la primera reuni\u00f3n del a\u00f1o de la Representaci\u00f3n Sindical Estatal de Tragsatec. Como viene siendo habitual en estas reuniones, se acumula un n\u00famero desproporcionado de puntos en el orden del d\u00eda, y tal como ha ocurrido otras ocasiones, es imposible tratar todos. Antes de nada os dejamos la anecdotita curiosa del [&hellip;]","og_url":"https:\/\/www.ugttec.es\/index.php\/2026\/05\/21\/representacion-sindical-estatal-18-03-2026\/","article_published_time":"2026-05-21T15:50:46+00:00","article_modified_time":"2026-05-21T15:50:47+00:00","og_image":[{"width":1600,"height":900,"url":"https:\/\/www.ugttec.es\/wp-content\/uploads\/2025\/03\/RSE.jpg","type":"image\/jpeg"}],"author":"Leticia","twitter_card":"summary_large_image","twitter_misc":{"Escrito por":"Leticia","Tiempo de lectura":"7 minutos"},"schema":{"@context":"https:\/\/schema.org","@graph":[{"@type":"Article","@id":"https:\/\/www.ugttec.es\/index.php\/2026\/05\/21\/representacion-sindical-estatal-18-03-2026\/#article","isPartOf":{"@id":"https:\/\/www.ugttec.es\/index.php\/2026\/05\/21\/representacion-sindical-estatal-18-03-2026\/"},"author":{"name":"Leticia","@id":"https:\/\/www.ugttec.es\/#\/schema\/person\/d00e864e28920b1d931120f6bc81152f"},"headline":"REPRESENTACI\u00d3N SINDICAL ESTATAL 18\/03\/2026","datePublished":"2026-05-21T15:50:46+00:00","dateModified":"2026-05-21T15:50:47+00:00","mainEntityOfPage":{"@id":"https:\/\/www.ugttec.es\/index.php\/2026\/05\/21\/representacion-sindical-estatal-18-03-2026\/"},"wordCount":1471,"commentCount":0,"publisher":{"@id":"https:\/\/www.ugttec.es\/#organization"},"image":{"@id":"https:\/\/www.ugttec.es\/index.php\/2026\/05\/21\/representacion-sindical-estatal-18-03-2026\/#primaryimage"},"thumbnailUrl":"https:\/\/www.ugttec.es\/wp-content\/uploads\/2025\/03\/RSE.jpg","keywords":["negociacion","RSE"],"articleSection":["RSE"],"inLanguage":"es","potentialAction":[{"@type":"CommentAction","name":"Comment","target":["https:\/\/www.ugttec.es\/index.php\/2026\/05\/21\/representacion-sindical-estatal-18-03-2026\/#respond"]}]},{"@type":"WebPage","@id":"https:\/\/www.ugttec.es\/index.php\/2026\/05\/21\/representacion-sindical-estatal-18-03-2026\/","url":"https:\/\/www.ugttec.es\/index.php\/2026\/05\/21\/representacion-sindical-estatal-18-03-2026\/","name":"REPRESENTACI\u00d3N SINDICAL ESTATAL 18\/03\/2026 -","isPartOf":{"@id":"https:\/\/www.ugttec.es\/#website"},"primaryImageOfPage":{"@id":"https:\/\/www.ugttec.es\/index.php\/2026\/05\/21\/representacion-sindical-estatal-18-03-2026\/#primaryimage"},"image":{"@id":"https:\/\/www.ugttec.es\/index.php\/2026\/05\/21\/representacion-sindical-estatal-18-03-2026\/#primaryimage"},"thumbnailUrl":"https:\/\/www.ugttec.es\/wp-content\/uploads\/2025\/03\/RSE.jpg","datePublished":"2026-05-21T15:50:46+00:00","dateModified":"2026-05-21T15:50:47+00:00","breadcrumb":{"@id":"https:\/\/www.ugttec.es\/index.php\/2026\/05\/21\/representacion-sindical-estatal-18-03-2026\/#breadcrumb"},"inLanguage":"es","potentialAction":[{"@type":"ReadAction","target":["https:\/\/www.ugttec.es\/index.php\/2026\/05\/21\/representacion-sindical-estatal-18-03-2026\/"]}]},{"@type":"ImageObject","inLanguage":"es","@id":"https:\/\/www.ugttec.es\/index.php\/2026\/05\/21\/representacion-sindical-estatal-18-03-2026\/#primaryimage","url":"https:\/\/www.ugttec.es\/wp-content\/uploads\/2025\/03\/RSE.jpg","contentUrl":"https:\/\/www.ugttec.es\/wp-content\/uploads\/2025\/03\/RSE.jpg","width":1600,"height":900},{"@type":"BreadcrumbList","@id":"https:\/\/www.ugttec.es\/index.php\/2026\/05\/21\/representacion-sindical-estatal-18-03-2026\/#breadcrumb","itemListElement":[{"@type":"ListItem","position":1,"name":"Portada","item":"https:\/\/www.ugttec.es\/"},{"@type":"ListItem","position":2,"name":"REPRESENTACI\u00d3N SINDICAL ESTATAL 18\/03\/2026"}]},{"@type":"WebSite","@id":"https:\/\/www.ugttec.es\/#website","url":"https:\/\/www.ugttec.es\/","name":"La web de la Secci\u00f3n Sindical de la UGT en Tragsatec","description":"Secci\u00f3n Sindical  Tragsatec","publisher":{"@id":"https:\/\/www.ugttec.es\/#organization"},"potentialAction":[{"@type":"SearchAction","target":{"@type":"EntryPoint","urlTemplate":"https:\/\/www.ugttec.es\/?s={search_term_string}"},"query-input":{"@type":"PropertyValueSpecification","valueRequired":true,"valueName":"search_term_string"}}],"inLanguage":"es"},{"@type":"Organization","@id":"https:\/\/www.ugttec.es\/#organization","name":"Secci\u00f3n Sindical de la UGT en Tragsatec","url":"https:\/\/www.ugttec.es\/","logo":{"@type":"ImageObject","inLanguage":"es","@id":"https:\/\/www.ugttec.es\/#\/schema\/logo\/image\/","url":"https:\/\/www.ugttec.es\/wp-content\/uploads\/2026\/05\/UGT-MARCA_H_cmyk.png","contentUrl":"https:\/\/www.ugttec.es\/wp-content\/uploads\/2026\/05\/UGT-MARCA_H_cmyk.png","width":2327,"height":781,"caption":"Secci\u00f3n Sindical de la UGT en Tragsatec"},"image":{"@id":"https:\/\/www.ugttec.es\/#\/schema\/logo\/image\/"},"sameAs":["https:\/\/whatsapp.com\/channel\/0029Vb41KFyChq6V4F7cqU0n"]},{"@type":"Person","@id":"https:\/\/www.ugttec.es\/#\/schema\/person\/d00e864e28920b1d931120f6bc81152f","name":"Leticia","image":{"@type":"ImageObject","inLanguage":"es","@id":"https:\/\/secure.gravatar.com\/avatar\/04e85d08a3b04c0a1215476532abe9ea83b519328af5fa672e4b7137d7089572?s=96&d=mm&r=g","url":"https:\/\/secure.gravatar.com\/avatar\/04e85d08a3b04c0a1215476532abe9ea83b519328af5fa672e4b7137d7089572?s=96&d=mm&r=g","contentUrl":"https:\/\/secure.gravatar.com\/avatar\/04e85d08a3b04c0a1215476532abe9ea83b519328af5fa672e4b7137d7089572?s=96&d=mm&r=g","caption":"Leticia"},"url":"https:\/\/www.ugttec.es\/index.php\/author\/leticia\/"}]}},"_links":{"self":[{"href":"https:\/\/www.ugttec.es\/index.php\/wp-json\/wp\/v2\/posts\/521","targetHints":{"allow":["GET"]}}],"collection":[{"href":"https:\/\/www.ugttec.es\/index.php\/wp-json\/wp\/v2\/posts"}],"about":[{"href":"https:\/\/www.ugttec.es\/index.php\/wp-json\/wp\/v2\/types\/post"}],"author":[{"embeddable":true,"href":"https:\/\/www.ugttec.es\/index.php\/wp-json\/wp\/v2\/users\/7"}],"replies":[{"embeddable":true,"href":"https:\/\/www.ugttec.es\/index.php\/wp-json\/wp\/v2\/comments?post=521"}],"version-history":[{"count":4,"href":"https:\/\/www.ugttec.es\/index.php\/wp-json\/wp\/v2\/posts\/521\/revisions"}],"predecessor-version":[{"id":741,"href":"https:\/\/www.ugttec.es\/index.php\/wp-json\/wp\/v2\/posts\/521\/revisions\/741"}],"wp:featuredmedia":[{"embeddable":true,"href":"https:\/\/www.ugttec.es\/index.php\/wp-json\/wp\/v2\/media\/321"}],"wp:attachment":[{"href":"https:\/\/www.ugttec.es\/index.php\/wp-json\/wp\/v2\/media?parent=521"}],"wp:term":[{"taxonomy":"category","embeddable":true,"href":"https:\/\/www.ugttec.es\/index.php\/wp-json\/wp\/v2\/categories?post=521"},{"taxonomy":"post_tag","embeddable":true,"href":"https:\/\/www.ugttec.es\/index.php\/wp-json\/wp\/v2\/tags?post=521"}],"curies":[{"name":"wp","href":"https:\/\/api.w.org\/{rel}","templated":true}]}}